{"id":1357,"date":"2022-04-20T17:49:00","date_gmt":"2022-04-20T15:49:00","guid":{"rendered":"https:\/\/elles129186.webdb78.lwspanel.com\/?p=1357"},"modified":"2024-10-17T17:50:24","modified_gmt":"2024-10-17T15:50:24","slug":"elles-aussi-de-nouveau-membre-de-la-commission-parite-au-haut-conseil-de-legalite-entre-les-femmes-et-les-hommes","status":"publish","type":"post","link":"https:\/\/www.ellesaussi.org\/?p=1357","title":{"rendered":"Elles aussi de nouveau membre de la Commission Parit\u00e9 au Haut Conseil de l\u2019Egalit\u00e9 entre les femmes et les hommes"},"content":{"rendered":"\t\t<div data-elementor-type=\"wp-post\" data-elementor-id=\"1357\" class=\"elementor elementor-1357\" data-elementor-post-type=\"post\">\n\t\t\t\t<div class=\"elementor-element elementor-element-4135d3e e-flex e-con-boxed e-con e-parent\" data-id=\"4135d3e\" data-element_type=\"container\">\n\t\t\t\t\t<div class=\"e-con-inner\">\n\t\t\t\t<div class=\"elementor-element elementor-element-9e02f03 elementor-widget elementor-widget-text-editor\" data-id=\"9e02f03\" data-element_type=\"widget\" data-widget_type=\"text-editor.default\">\n\t\t\t\t<div class=\"elementor-widget-container\">\n\t\t\t\t\t\t\t<p>Le nouvel Haut Conseil \u00e0 l\u2019Egalit\u00e9 entre les femmes et les hommes (HCE), r\u00e9uni le 8 avril 2022, lors de sa premi\u00e8re Assembl\u00e9e pl\u00e9ni\u00e8re a adopt\u00e9 sa feuille de route pour l\u2019ann\u00e9e \u00e0 venir, en pr\u00e9sence de la ministre Elisabeth Moreno. Le HCE est compos\u00e9 de 96 membres (54 pour l\u2019ancien HCE devenu Formation pour les droits des femmes, auxquels s\u2019ajoutent les 42 de l\u2019ancien Conseil Sup\u00e9rieur de l\u2019Egalit\u00e9 Professionnelle entre les femmes et les hommes, devenu Formation pour l\u2019\u00e9galit\u00e9 professionnelle. Sous la pr\u00e9sidence de Sylvie<\/p><p>Pierre-Brossolette,\u00a0 ces deux branches du HCE travailleront \u00e0 produire des rapports, des avis, et des vigilances sur des sujets d\u2019actualit\u00e9.<\/p><p>Le 20 avril 2022, le r\u00e9seau \u00ab Elles aussi \u00bb membre de la commission Parit\u00e9 repr\u00e9sent\u00e9\u00a0 par Reine L\u00e9pinay, a particip\u00e9 \u00e0 la premi\u00e8re r\u00e9union de la Commission \u00ab Parit\u00e9 en mati\u00e8re politique, administrative et dans la vie \u00e9conomique et sociale \u00bb, pr\u00e9sid\u00e9e par Catherine Ladousse et Jacques Fleury. Pour 2022-2023, le programme de la Commission s\u2019articule autour de 4 th\u00e8mes : l\u2019\u00e9gaconditionnalit\u00e9, la repr\u00e9sentation des femmes dans les lieux de pouvoir politique, le budget sensible au genre, et les femmes et le num\u00e9rique.<\/p><p>Reine Lepinay, co-pr\u00e9sidente d\u2019Elles aussi<\/p>\t\t\t\t\t\t<\/div>\n\t\t\t\t<\/div>\n\t\t\t\t\t<\/div>\n\t\t\t\t<\/div>\n\t\t\t\t<\/div>\n\t\t","protected":false},"excerpt":{"rendered":"<p>Le nouvel Haut Conseil \u00e0 l\u2019Egalit\u00e9 entre les femmes et les hommes (HCE), r\u00e9uni le 8 avril 2022, lors de sa premi\u00e8re Assembl\u00e9e pl\u00e9ni\u00e8re a adopt\u00e9 sa feuille de route pour l\u2019ann\u00e9e \u00e0 venir, en pr\u00e9sence de la ministre Elisabeth Moreno. Le HCE est compos\u00e9 de 96 membres (54 pour l\u2019ancien HCE devenu Formation pour [&hellip;]<\/p>\n","protected":false},"author":1,"featured_media":683,"comment_status":"closed","ping_status":"closed","sticky":false,"template":"","format":"standard","meta":{"footnotes":""},"categories":[38],"tags":[],"class_list":["post-1357","post","type-post","status-publish","format-standard","has-post-thumbnail","hentry","category-chronique-de-la-parite"],"yoast_head":"<!-- This site is optimized with the Yoast SEO plugin v22.8 - https:\/\/yoast.com\/wordpress\/plugins\/seo\/ -->\n<title>Elles aussi de nouveau membre de la Commission Parit\u00e9 au Haut Conseil de l\u2019Egalit\u00e9 entre les femmes et les hommes - Elles Aussi<\/title>\n<meta name=\"robots\" content=\"index, follow, max-snippet:-1, max-image-preview:large, max-video-preview:-1\" \/>\n<link rel=\"canonical\" href=\"https:\/\/www.ellesaussi.org\/?p=1357\" \/>\n<meta property=\"og:locale\" content=\"fr_FR\" \/>\n<meta property=\"og:type\" content=\"article\" \/>\n<meta property=\"og:title\" content=\"Elles aussi de nouveau membre de la Commission Parit\u00e9 au Haut Conseil de l\u2019Egalit\u00e9 entre les femmes et les hommes - Elles Aussi\" \/>\n<meta property=\"og:description\" content=\"Le nouvel Haut Conseil \u00e0 l\u2019Egalit\u00e9 entre les femmes et les hommes (HCE), r\u00e9uni le 8 avril 2022, lors de sa premi\u00e8re Assembl\u00e9e pl\u00e9ni\u00e8re a adopt\u00e9 sa feuille de route pour l\u2019ann\u00e9e \u00e0 venir, en pr\u00e9sence de la ministre Elisabeth Moreno. Le HCE est compos\u00e9 de 96 membres (54 pour l\u2019ancien HCE devenu Formation pour [&hellip;]\" \/>\n<meta property=\"og:url\" content=\"https:\/\/www.ellesaussi.org\/?p=1357\" \/>\n<meta property=\"og:site_name\" content=\"Elles Aussi\" \/>\n<meta property=\"article:publisher\" content=\"https:\/\/www.facebook.com\/ellesaussi\/\" \/>\n<meta property=\"article:published_time\" content=\"2022-04-20T15:49:00+00:00\" \/>\n<meta property=\"article:modified_time\" content=\"2024-10-17T15:50:24+00:00\" \/>\n<meta property=\"og:image\" content=\"https:\/\/www.ellesaussi.org\/wp-content\/uploads\/2024\/10\/appel-du-18-juin-2024-Elles-aussi.jpg\" \/>\n\t<meta property=\"og:image:width\" content=\"200\" \/>\n\t<meta property=\"og:image:height\" content=\"144\" \/>\n\t<meta property=\"og:image:type\" content=\"image\/jpeg\" \/>\n<meta name=\"author\" content=\"admin\" \/>\n<meta name=\"twitter:card\" content=\"summary_large_image\" \/>\n<meta name=\"twitter:label1\" content=\"\u00c9crit par\" \/>\n\t<meta name=\"twitter:data1\" content=\"admin\" \/>\n\t<meta name=\"twitter:label2\" content=\"Dur\u00e9e de lecture estim\u00e9e\" \/>\n\t<meta name=\"twitter:data2\" content=\"1 minute\" \/>\n<script type=\"application\/ld+json\" class=\"yoast-schema-graph\">{\"@context\":\"https:\/\/schema.org\",\"@graph\":[{\"@type\":\"Article\",\"@id\":\"https:\/\/www.ellesaussi.org\/?p=1357#article\",\"isPartOf\":{\"@id\":\"https:\/\/www.ellesaussi.org\/?p=1357\"},\"author\":{\"name\":\"admin\",\"@id\":\"https:\/\/www.ellesaussi.org\/#\/schema\/person\/eeca4be50db30b5dbb39f78fc3364160\"},\"headline\":\"Elles aussi de nouveau membre de la Commission Parit\u00e9 au Haut Conseil de l\u2019Egalit\u00e9 entre les femmes et les hommes\",\"datePublished\":\"2022-04-20T15:49:00+00:00\",\"dateModified\":\"2024-10-17T15:50:24+00:00\",\"mainEntityOfPage\":{\"@id\":\"https:\/\/www.ellesaussi.org\/?p=1357\"},\"wordCount\":231,\"publisher\":{\"@id\":\"https:\/\/www.ellesaussi.org\/#organization\"},\"image\":{\"@id\":\"https:\/\/www.ellesaussi.org\/?p=1357#primaryimage\"},\"thumbnailUrl\":\"https:\/\/www.ellesaussi.org\/wp-content\/uploads\/2024\/10\/appel-du-18-juin-2024-Elles-aussi.jpg\",\"articleSection\":[\"Chronique de la parit\u00e9\"],\"inLanguage\":\"fr-FR\"},{\"@type\":\"WebPage\",\"@id\":\"https:\/\/www.ellesaussi.org\/?p=1357\",\"url\":\"https:\/\/www.ellesaussi.org\/?p=1357\",\"name\":\"Elles aussi de nouveau membre de la Commission Parit\u00e9 au Haut Conseil de l\u2019Egalit\u00e9 entre les femmes et les hommes - Elles Aussi\",\"isPartOf\":{\"@id\":\"https:\/\/www.ellesaussi.org\/#website\"},\"primaryImageOfPage\":{\"@id\":\"https:\/\/www.ellesaussi.org\/?p=1357#primaryimage\"},\"image\":{\"@id\":\"https:\/\/www.ellesaussi.org\/?p=1357#primaryimage\"},\"thumbnailUrl\":\"https:\/\/www.ellesaussi.org\/wp-content\/uploads\/2024\/10\/appel-du-18-juin-2024-Elles-aussi.jpg\",\"datePublished\":\"2022-04-20T15:49:00+00:00\",\"dateModified\":\"2024-10-17T15:50:24+00:00\",\"breadcrumb\":{\"@id\":\"https:\/\/www.ellesaussi.org\/?p=1357#breadcrumb\"},\"inLanguage\":\"fr-FR\",\"potentialAction\":[{\"@type\":\"ReadAction\",\"target\":[\"https:\/\/www.ellesaussi.org\/?p=1357\"]}]},{\"@type\":\"ImageObject\",\"inLanguage\":\"fr-FR\",\"@id\":\"https:\/\/www.ellesaussi.org\/?p=1357#primaryimage\",\"url\":\"https:\/\/www.ellesaussi.org\/wp-content\/uploads\/2024\/10\/appel-du-18-juin-2024-Elles-aussi.jpg\",\"contentUrl\":\"https:\/\/www.ellesaussi.org\/wp-content\/uploads\/2024\/10\/appel-du-18-juin-2024-Elles-aussi.jpg\",\"width\":200,\"height\":144},{\"@type\":\"BreadcrumbList\",\"@id\":\"https:\/\/www.ellesaussi.org\/?p=1357#breadcrumb\",\"itemListElement\":[{\"@type\":\"ListItem\",\"position\":1,\"name\":\"Accueil\",\"item\":\"https:\/\/www.ellesaussi.org\/\"},{\"@type\":\"ListItem\",\"position\":2,\"name\":\"Elles aussi de nouveau membre de la Commission Parit\u00e9 au Haut Conseil de l\u2019Egalit\u00e9 entre les femmes et les hommes\"}]},{\"@type\":\"WebSite\",\"@id\":\"https:\/\/www.ellesaussi.org\/#website\",\"url\":\"https:\/\/www.ellesaussi.org\/\",\"name\":\"Elles Aussi\",\"description\":\"\",\"publisher\":{\"@id\":\"https:\/\/www.ellesaussi.org\/#organization\"},\"potentialAction\":[{\"@type\":\"SearchAction\",\"target\":{\"@type\":\"EntryPoint\",\"urlTemplate\":\"https:\/\/www.ellesaussi.org\/?s={search_term_string}\"},\"query-input\":\"required name=search_term_string\"}],\"inLanguage\":\"fr-FR\"},{\"@type\":\"Organization\",\"@id\":\"https:\/\/www.ellesaussi.org\/#organization\",\"name\":\"Elles Aussi\",\"url\":\"https:\/\/www.ellesaussi.org\/\",\"logo\":{\"@type\":\"ImageObject\",\"inLanguage\":\"fr-FR\",\"@id\":\"https:\/\/www.ellesaussi.org\/#\/schema\/logo\/image\/\",\"url\":\"https:\/\/www.ellesaussi.org\/wp-content\/uploads\/2024\/05\/Elles-aussi_logotype_rouge.png\",\"contentUrl\":\"https:\/\/www.ellesaussi.org\/wp-content\/uploads\/2024\/05\/Elles-aussi_logotype_rouge.png\",\"width\":3472,\"height\":2480,\"caption\":\"Elles Aussi\"},\"image\":{\"@id\":\"https:\/\/www.ellesaussi.org\/#\/schema\/logo\/image\/\"},\"sameAs\":[\"https:\/\/www.facebook.com\/ellesaussi\/\"]},{\"@type\":\"Person\",\"@id\":\"https:\/\/www.ellesaussi.org\/#\/schema\/person\/eeca4be50db30b5dbb39f78fc3364160\",\"name\":\"admin\",\"image\":{\"@type\":\"ImageObject\",\"inLanguage\":\"fr-FR\",\"@id\":\"https:\/\/www.ellesaussi.org\/#\/schema\/person\/image\/\",\"url\":\"https:\/\/secure.gravatar.com\/avatar\/62da4937aa6d6b509192861c0b966204a1b742b2814f6387fa08fe6c98a8729c?s=96&d=mm&r=g\",\"contentUrl\":\"https:\/\/secure.gravatar.com\/avatar\/62da4937aa6d6b509192861c0b966204a1b742b2814f6387fa08fe6c98a8729c?s=96&d=mm&r=g\",\"caption\":\"admin\"},\"sameAs\":[\"https:\/\/elles129186.webdb78.lwspanel.com\"],\"url\":\"https:\/\/www.ellesaussi.org\/?author=1\"}]}<\/script>\n<!-- \/ Yoast SEO plugin. -->","yoast_head_json":{"title":"Elles aussi de nouveau membre de la Commission Parit\u00e9 au Haut Conseil de l\u2019Egalit\u00e9 entre les femmes et les hommes - Elles Aussi","robots":{"index":"index","follow":"follow","max-snippet":"max-snippet:-1","max-image-preview":"max-image-preview:large","max-video-preview":"max-video-preview:-1"},"canonical":"https:\/\/www.ellesaussi.org\/?p=1357","og_locale":"fr_FR","og_type":"article","og_title":"Elles aussi de nouveau membre de la Commission Parit\u00e9 au Haut Conseil de l\u2019Egalit\u00e9 entre les femmes et les hommes - Elles Aussi","og_description":"Le nouvel Haut Conseil \u00e0 l\u2019Egalit\u00e9 entre les femmes et les hommes (HCE), r\u00e9uni le 8 avril 2022, lors de sa premi\u00e8re Assembl\u00e9e pl\u00e9ni\u00e8re a adopt\u00e9 sa feuille de route pour l\u2019ann\u00e9e \u00e0 venir, en pr\u00e9sence de la ministre Elisabeth Moreno. Le HCE est compos\u00e9 de 96 membres (54 pour l\u2019ancien HCE devenu Formation pour [&hellip;]","og_url":"https:\/\/www.ellesaussi.org\/?p=1357","og_site_name":"Elles Aussi","article_publisher":"https:\/\/www.facebook.com\/ellesaussi\/","article_published_time":"2022-04-20T15:49:00+00:00","article_modified_time":"2024-10-17T15:50:24+00:00","og_image":[{"width":200,"height":144,"url":"https:\/\/www.ellesaussi.org\/wp-content\/uploads\/2024\/10\/appel-du-18-juin-2024-Elles-aussi.jpg","type":"image\/jpeg"}],"author":"admin","twitter_card":"summary_large_image","twitter_misc":{"\u00c9crit par":"admin","Dur\u00e9e de lecture estim\u00e9e":"1 minute"},"schema":{"@context":"https:\/\/schema.org","@graph":[{"@type":"Article","@id":"https:\/\/www.ellesaussi.org\/?p=1357#article","isPartOf":{"@id":"https:\/\/www.ellesaussi.org\/?p=1357"},"author":{"name":"admin","@id":"https:\/\/www.ellesaussi.org\/#\/schema\/person\/eeca4be50db30b5dbb39f78fc3364160"},"headline":"Elles aussi de nouveau membre de la Commission Parit\u00e9 au Haut Conseil de l\u2019Egalit\u00e9 entre les femmes et les hommes","datePublished":"2022-04-20T15:49:00+00:00","dateModified":"2024-10-17T15:50:24+00:00","mainEntityOfPage":{"@id":"https:\/\/www.ellesaussi.org\/?p=1357"},"wordCount":231,"publisher":{"@id":"https:\/\/www.ellesaussi.org\/#organization"},"image":{"@id":"https:\/\/www.ellesaussi.org\/?p=1357#primaryimage"},"thumbnailUrl":"https:\/\/www.ellesaussi.org\/wp-content\/uploads\/2024\/10\/appel-du-18-juin-2024-Elles-aussi.jpg","articleSection":["Chronique de la parit\u00e9"],"inLanguage":"fr-FR"},{"@type":"WebPage","@id":"https:\/\/www.ellesaussi.org\/?p=1357","url":"https:\/\/www.ellesaussi.org\/?p=1357","name":"Elles aussi de nouveau membre de la Commission Parit\u00e9 au Haut Conseil de l\u2019Egalit\u00e9 entre les femmes et les hommes - Elles Aussi","isPartOf":{"@id":"https:\/\/www.ellesaussi.org\/#website"},"primaryImageOfPage":{"@id":"https:\/\/www.ellesaussi.org\/?p=1357#primaryimage"},"image":{"@id":"https:\/\/www.ellesaussi.org\/?p=1357#primaryimage"},"thumbnailUrl":"https:\/\/www.ellesaussi.org\/wp-content\/uploads\/2024\/10\/appel-du-18-juin-2024-Elles-aussi.jpg","datePublished":"2022-04-20T15:49:00+00:00","dateModified":"2024-10-17T15:50:24+00:00","breadcrumb":{"@id":"https:\/\/www.ellesaussi.org\/?p=1357#breadcrumb"},"inLanguage":"fr-FR","potentialAction":[{"@type":"ReadAction","target":["https:\/\/www.ellesaussi.org\/?p=1357"]}]},{"@type":"ImageObject","inLanguage":"fr-FR","@id":"https:\/\/www.ellesaussi.org\/?p=1357#primaryimage","url":"https:\/\/www.ellesaussi.org\/wp-content\/uploads\/2024\/10\/appel-du-18-juin-2024-Elles-aussi.jpg","contentUrl":"https:\/\/www.ellesaussi.org\/wp-content\/uploads\/2024\/10\/appel-du-18-juin-2024-Elles-aussi.jpg","width":200,"height":144},{"@type":"BreadcrumbList","@id":"https:\/\/www.ellesaussi.org\/?p=1357#breadcrumb","itemListElement":[{"@type":"ListItem","position":1,"name":"Accueil","item":"https:\/\/www.ellesaussi.org\/"},{"@type":"ListItem","position":2,"name":"Elles aussi de nouveau membre de la Commission Parit\u00e9 au Haut Conseil de l\u2019Egalit\u00e9 entre les femmes et les hommes"}]},{"@type":"WebSite","@id":"https:\/\/www.ellesaussi.org\/#website","url":"https:\/\/www.ellesaussi.org\/","name":"Elles Aussi","description":"","publisher":{"@id":"https:\/\/www.ellesaussi.org\/#organization"},"potentialAction":[{"@type":"SearchAction","target":{"@type":"EntryPoint","urlTemplate":"https:\/\/www.ellesaussi.org\/?s={search_term_string}"},"query-input":"required name=search_term_string"}],"inLanguage":"fr-FR"},{"@type":"Organization","@id":"https:\/\/www.ellesaussi.org\/#organization","name":"Elles Aussi","url":"https:\/\/www.ellesaussi.org\/","logo":{"@type":"ImageObject","inLanguage":"fr-FR","@id":"https:\/\/www.ellesaussi.org\/#\/schema\/logo\/image\/","url":"https:\/\/www.ellesaussi.org\/wp-content\/uploads\/2024\/05\/Elles-aussi_logotype_rouge.png","contentUrl":"https:\/\/www.ellesaussi.org\/wp-content\/uploads\/2024\/05\/Elles-aussi_logotype_rouge.png","width":3472,"height":2480,"caption":"Elles Aussi"},"image":{"@id":"https:\/\/www.ellesaussi.org\/#\/schema\/logo\/image\/"},"sameAs":["https:\/\/www.facebook.com\/ellesaussi\/"]},{"@type":"Person","@id":"https:\/\/www.ellesaussi.org\/#\/schema\/person\/eeca4be50db30b5dbb39f78fc3364160","name":"admin","image":{"@type":"ImageObject","inLanguage":"fr-FR","@id":"https:\/\/www.ellesaussi.org\/#\/schema\/person\/image\/","url":"https:\/\/secure.gravatar.com\/avatar\/62da4937aa6d6b509192861c0b966204a1b742b2814f6387fa08fe6c98a8729c?s=96&d=mm&r=g","contentUrl":"https:\/\/secure.gravatar.com\/avatar\/62da4937aa6d6b509192861c0b966204a1b742b2814f6387fa08fe6c98a8729c?s=96&d=mm&r=g","caption":"admin"},"sameAs":["https:\/\/elles129186.webdb78.lwspanel.com"],"url":"https:\/\/www.ellesaussi.org\/?author=1"}]}},"_links":{"self":[{"href":"https:\/\/www.ellesaussi.org\/index.php?rest_route=\/wp\/v2\/posts\/1357","targetHints":{"allow":["GET"]}}],"collection":[{"href":"https:\/\/www.ellesaussi.org\/index.php?rest_route=\/wp\/v2\/posts"}],"about":[{"href":"https:\/\/www.ellesaussi.org\/index.php?rest_route=\/wp\/v2\/types\/post"}],"author":[{"embeddable":true,"href":"https:\/\/www.ellesaussi.org\/index.php?rest_route=\/wp\/v2\/users\/1"}],"replies":[{"embeddable":true,"href":"https:\/\/www.ellesaussi.org\/index.php?rest_route=%2Fwp%2Fv2%2Fcomments&post=1357"}],"version-history":[{"count":4,"href":"https:\/\/www.ellesaussi.org\/index.php?rest_route=\/wp\/v2\/posts\/1357\/revisions"}],"predecessor-version":[{"id":1361,"href":"https:\/\/www.ellesaussi.org\/index.php?rest_route=\/wp\/v2\/posts\/1357\/revisions\/1361"}],"wp:featuredmedia":[{"embeddable":true,"href":"https:\/\/www.ellesaussi.org\/index.php?rest_route=\/wp\/v2\/media\/683"}],"wp:attachment":[{"href":"https:\/\/www.ellesaussi.org\/index.php?rest_route=%2Fwp%2Fv2%2Fmedia&parent=1357"}],"wp:term":[{"taxonomy":"category","embeddable":true,"href":"https:\/\/www.ellesaussi.org\/index.php?rest_route=%2Fwp%2Fv2%2Fcategories&post=1357"},{"taxonomy":"post_tag","embeddable":true,"href":"https:\/\/www.ellesaussi.org\/index.php?rest_route=%2Fwp%2Fv2%2Ftags&post=1357"}],"curies":[{"name":"wp","href":"https:\/\/api.w.org\/{rel}","templated":true}]}}