{"id":1351,"date":"2022-06-07T17:46:00","date_gmt":"2022-06-07T15:46:00","guid":{"rendered":"https:\/\/elles129186.webdb78.lwspanel.com\/?p=1351"},"modified":"2024-10-17T17:47:43","modified_gmt":"2024-10-17T15:47:43","slug":"lunion-europeenne-va-imposer-des-quotas-dans-les-conseils-dadministration-des-entreprises-privees","status":"publish","type":"post","link":"https:\/\/www.ellesaussi.org\/?p=1351","title":{"rendered":"L\u2019Union europ\u00e9enne va imposer des quotas\u00a0 dans les conseils d\u2019administration des entreprises priv\u00e9es."},"content":{"rendered":"\t\t<div data-elementor-type=\"wp-post\" data-elementor-id=\"1351\" class=\"elementor elementor-1351\" data-elementor-post-type=\"post\">\n\t\t\t\t<div class=\"elementor-element elementor-element-f32efb6 e-flex e-con-boxed e-con e-parent\" data-id=\"f32efb6\" data-element_type=\"container\">\n\t\t\t\t\t<div class=\"e-con-inner\">\n\t\t\t\t<div class=\"elementor-element elementor-element-0d3d945 elementor-widget elementor-widget-text-editor\" data-id=\"0d3d945\" data-element_type=\"widget\" data-widget_type=\"text-editor.default\">\n\t\t\t\t<div class=\"elementor-widget-container\">\n\t\t\t\t\t\t\t<p>Le 7 juin 2022, apr\u00e8s dix ans de placard, un accord a \u00e9t\u00e9 trouv\u00e9 entre les Etats-membres et le Parlement europ\u00e9en concernant la directive sur les femmes dans les conseils d\u2019administration (Women on Boards). La France faisant figure d\u2019exemple avec le succ\u00e8s de la loi Cop\u00e9-Zimmermann de 2011, et pendant sa pr\u00e9sidence de l\u2019Union europ\u00e9enne, les Etats-membres se sont enfin mis d\u2019accord pour imposer des quotas et r\u00e9duire les fortes disparit\u00e9s quant \u00e0 la pr\u00e9sence des femmes dans les conseils d\u2019administration de entreprises priv\u00e9es cot\u00e9es en bourse.<\/p><p><span style=\"color: #f15b43;\"><strong>4 ans pour atteindre 40% de femmes dans les conseils d\u2019administration<\/strong><\/span><\/p><p>D\u2019ici juin 2026, un quota de 40% pour le sexe le moins repr\u00e9sent\u00e9 dans les postes non-ex\u00e9cutifs et un quota de 33% pour la totalit\u00e9 des postes ex\u00e9cutifs et non ex\u00e9cutifs de ces conseils devraient \u00eatre atteints. Seules les entreprises priv\u00e9es de plus de 250 salari\u00e9s sont concern\u00e9es.\u00a0<\/p><p>Des proc\u00e9dures transparentes de s\u00e9lection des candidat\u00b7e\u00b7s devront \u00eatre mises en place avec, \u00e0 qualification \u00e9gale, une priorit\u00e9 pour le sexe le moins repr\u00e9sent\u00e9. Une fois par an les entreprises cot\u00e9es en bourse devront publier la repr\u00e9sentation par sexe dans leurs conseils et les mesures qu\u2019elles comptent prendre pour atteindre les objectifs. Les Etats-membres ont deux ans pour mettre en place cette directive, assortie de sanctions dissuasives et proportionn\u00e9es pour non-conformit\u00e9, des exemples \u00e9tant donn\u00e9s dans la directive.\u00a0\u00a0<\/p><p><span style=\"color: #f15b43;\"><strong>Un gros effort pour certains Etats-membres<\/strong><\/span><\/p><p>Jusqu\u2019ici seuls neuf Etats membres avaient introduit une l\u00e9gislation en ce sens. De par leurs r\u00e9sultats Les meilleurs sont la France l\u2019Italie, les Pays-Bas et la Belgique (de 45 \u00e0 38%), les plus mauvais \u00e9tant Chypre, L\u2019Estonie, La Hongrie et Malte (de 8% \u00e0 11%). La moyenne serait actuellement de 31,3% pour les grandes entreprises.<\/p><p><strong><span style=\"color: #f15b43;\">Un coup de pouce pour la parit\u00e9 et l\u2019\u00e9galit\u00e9 professionnelle ?<\/span><\/strong><\/p><p>\u00a0Si cette directive repr\u00e9sente un pas important pour insuffler une culture de la parit\u00e9 et pour amener de nouvelles comp\u00e9tences et de la diversit\u00e9 dans les conseils d\u2019administration des entreprises, elle sera probablement insuffisante pour entrainer un effet de ruissellement dans les directions ex\u00e9cutives des entreprises, comme cela a \u00e9t\u00e9 constat\u00e9 en France o\u00f9 il a fallu l\u00e9gif\u00e9rer pour favoriser la pr\u00e9sence des femmes dans les comit\u00e9s de direction et les comit\u00e9s ex\u00e9cutifs. De la m\u00eame fa\u00e7on l\u2019\u00e9galit\u00e9 salariale est loin d\u2019\u00eatre atteinte malgr\u00e9 une l\u00e9gislation pl\u00e9thorique.<\/p><p>\u00a0<\/p><p>Armelle Danet, VP Elles aussi <\/p>\t\t\t\t\t\t<\/div>\n\t\t\t\t<\/div>\n\t\t\t\t\t<\/div>\n\t\t\t\t<\/div>\n\t\t\t\t<\/div>\n\t\t","protected":false},"excerpt":{"rendered":"<p>Le 7 juin 2022, apr\u00e8s dix ans de placard, un accord a \u00e9t\u00e9 trouv\u00e9 entre les Etats-membres et le Parlement europ\u00e9en concernant la directive sur les femmes dans les conseils d\u2019administration (Women on Boards). La France faisant figure d\u2019exemple avec le succ\u00e8s de la loi Cop\u00e9-Zimmermann de 2011, et pendant sa pr\u00e9sidence de l\u2019Union europ\u00e9enne, [&hellip;]<\/p>\n","protected":false},"author":1,"featured_media":1352,"comment_status":"closed","ping_status":"closed","sticky":false,"template":"","format":"standard","meta":{"footnotes":""},"categories":[38],"tags":[],"class_list":["post-1351","post","type-post","status-publish","format-standard","has-post-thumbnail","hentry","category-chronique-de-la-parite"],"yoast_head":"<!-- This site is optimized with the Yoast SEO plugin v22.8 - https:\/\/yoast.com\/wordpress\/plugins\/seo\/ -->\n<title>L\u2019Union europ\u00e9enne va imposer des quotas\u00a0 dans les conseils d\u2019administration des entreprises priv\u00e9es. - Elles Aussi<\/title>\n<meta name=\"robots\" content=\"index, follow, max-snippet:-1, max-image-preview:large, max-video-preview:-1\" \/>\n<link rel=\"canonical\" href=\"https:\/\/www.ellesaussi.org\/?p=1351\" \/>\n<meta property=\"og:locale\" content=\"fr_FR\" \/>\n<meta property=\"og:type\" content=\"article\" \/>\n<meta property=\"og:title\" content=\"L\u2019Union europ\u00e9enne va imposer des quotas\u00a0 dans les conseils d\u2019administration des entreprises priv\u00e9es. - Elles Aussi\" \/>\n<meta property=\"og:description\" content=\"Le 7 juin 2022, apr\u00e8s dix ans de placard, un accord a \u00e9t\u00e9 trouv\u00e9 entre les Etats-membres et le Parlement europ\u00e9en concernant la directive sur les femmes dans les conseils d\u2019administration (Women on Boards). La France faisant figure d\u2019exemple avec le succ\u00e8s de la loi Cop\u00e9-Zimmermann de 2011, et pendant sa pr\u00e9sidence de l\u2019Union europ\u00e9enne, [&hellip;]\" \/>\n<meta property=\"og:url\" content=\"https:\/\/www.ellesaussi.org\/?p=1351\" \/>\n<meta property=\"og:site_name\" content=\"Elles Aussi\" \/>\n<meta property=\"article:publisher\" content=\"https:\/\/www.facebook.com\/ellesaussi\/\" \/>\n<meta property=\"article:published_time\" content=\"2022-06-07T15:46:00+00:00\" \/>\n<meta property=\"article:modified_time\" content=\"2024-10-17T15:47:43+00:00\" \/>\n<meta property=\"og:image\" content=\"https:\/\/www.ellesaussi.org\/wp-content\/uploads\/2024\/10\/UEDirectivesurpresencedesfemmesdansCAdesentreprise.jpg\" \/>\n\t<meta property=\"og:image:width\" content=\"443\" \/>\n\t<meta property=\"og:image:height\" content=\"224\" \/>\n\t<meta property=\"og:image:type\" content=\"image\/jpeg\" \/>\n<meta name=\"author\" content=\"admin\" \/>\n<meta name=\"twitter:card\" content=\"summary_large_image\" \/>\n<meta name=\"twitter:label1\" content=\"\u00c9crit par\" \/>\n\t<meta name=\"twitter:data1\" content=\"admin\" \/>\n\t<meta name=\"twitter:label2\" content=\"Dur\u00e9e de lecture estim\u00e9e\" \/>\n\t<meta name=\"twitter:data2\" content=\"2 minutes\" \/>\n<script type=\"application\/ld+json\" class=\"yoast-schema-graph\">{\"@context\":\"https:\/\/schema.org\",\"@graph\":[{\"@type\":\"Article\",\"@id\":\"https:\/\/www.ellesaussi.org\/?p=1351#article\",\"isPartOf\":{\"@id\":\"https:\/\/www.ellesaussi.org\/?p=1351\"},\"author\":{\"name\":\"admin\",\"@id\":\"https:\/\/www.ellesaussi.org\/#\/schema\/person\/eeca4be50db30b5dbb39f78fc3364160\"},\"headline\":\"L\u2019Union europ\u00e9enne va imposer des quotas\u00a0 dans les conseils d\u2019administration des entreprises priv\u00e9es.\",\"datePublished\":\"2022-06-07T15:46:00+00:00\",\"dateModified\":\"2024-10-17T15:47:43+00:00\",\"mainEntityOfPage\":{\"@id\":\"https:\/\/www.ellesaussi.org\/?p=1351\"},\"wordCount\":443,\"publisher\":{\"@id\":\"https:\/\/www.ellesaussi.org\/#organization\"},\"image\":{\"@id\":\"https:\/\/www.ellesaussi.org\/?p=1351#primaryimage\"},\"thumbnailUrl\":\"https:\/\/www.ellesaussi.org\/wp-content\/uploads\/2024\/10\/UEDirectivesurpresencedesfemmesdansCAdesentreprise.jpg\",\"articleSection\":[\"Chronique de la parit\u00e9\"],\"inLanguage\":\"fr-FR\"},{\"@type\":\"WebPage\",\"@id\":\"https:\/\/www.ellesaussi.org\/?p=1351\",\"url\":\"https:\/\/www.ellesaussi.org\/?p=1351\",\"name\":\"L\u2019Union europ\u00e9enne va imposer des quotas\u00a0 dans les conseils d\u2019administration des entreprises priv\u00e9es. - Elles Aussi\",\"isPartOf\":{\"@id\":\"https:\/\/www.ellesaussi.org\/#website\"},\"primaryImageOfPage\":{\"@id\":\"https:\/\/www.ellesaussi.org\/?p=1351#primaryimage\"},\"image\":{\"@id\":\"https:\/\/www.ellesaussi.org\/?p=1351#primaryimage\"},\"thumbnailUrl\":\"https:\/\/www.ellesaussi.org\/wp-content\/uploads\/2024\/10\/UEDirectivesurpresencedesfemmesdansCAdesentreprise.jpg\",\"datePublished\":\"2022-06-07T15:46:00+00:00\",\"dateModified\":\"2024-10-17T15:47:43+00:00\",\"breadcrumb\":{\"@id\":\"https:\/\/www.ellesaussi.org\/?p=1351#breadcrumb\"},\"inLanguage\":\"fr-FR\",\"potentialAction\":[{\"@type\":\"ReadAction\",\"target\":[\"https:\/\/www.ellesaussi.org\/?p=1351\"]}]},{\"@type\":\"ImageObject\",\"inLanguage\":\"fr-FR\",\"@id\":\"https:\/\/www.ellesaussi.org\/?p=1351#primaryimage\",\"url\":\"https:\/\/www.ellesaussi.org\/wp-content\/uploads\/2024\/10\/UEDirectivesurpresencedesfemmesdansCAdesentreprise.jpg\",\"contentUrl\":\"https:\/\/www.ellesaussi.org\/wp-content\/uploads\/2024\/10\/UEDirectivesurpresencedesfemmesdansCAdesentreprise.jpg\",\"width\":443,\"height\":224},{\"@type\":\"BreadcrumbList\",\"@id\":\"https:\/\/www.ellesaussi.org\/?p=1351#breadcrumb\",\"itemListElement\":[{\"@type\":\"ListItem\",\"position\":1,\"name\":\"Accueil\",\"item\":\"https:\/\/www.ellesaussi.org\/\"},{\"@type\":\"ListItem\",\"position\":2,\"name\":\"L\u2019Union europ\u00e9enne va imposer des quotas\u00a0 dans les conseils d\u2019administration des entreprises priv\u00e9es.\"}]},{\"@type\":\"WebSite\",\"@id\":\"https:\/\/www.ellesaussi.org\/#website\",\"url\":\"https:\/\/www.ellesaussi.org\/\",\"name\":\"Elles Aussi\",\"description\":\"\",\"publisher\":{\"@id\":\"https:\/\/www.ellesaussi.org\/#organization\"},\"potentialAction\":[{\"@type\":\"SearchAction\",\"target\":{\"@type\":\"EntryPoint\",\"urlTemplate\":\"https:\/\/www.ellesaussi.org\/?s={search_term_string}\"},\"query-input\":\"required name=search_term_string\"}],\"inLanguage\":\"fr-FR\"},{\"@type\":\"Organization\",\"@id\":\"https:\/\/www.ellesaussi.org\/#organization\",\"name\":\"Elles Aussi\",\"url\":\"https:\/\/www.ellesaussi.org\/\",\"logo\":{\"@type\":\"ImageObject\",\"inLanguage\":\"fr-FR\",\"@id\":\"https:\/\/www.ellesaussi.org\/#\/schema\/logo\/image\/\",\"url\":\"https:\/\/www.ellesaussi.org\/wp-content\/uploads\/2024\/05\/Elles-aussi_logotype_rouge.png\",\"contentUrl\":\"https:\/\/www.ellesaussi.org\/wp-content\/uploads\/2024\/05\/Elles-aussi_logotype_rouge.png\",\"width\":3472,\"height\":2480,\"caption\":\"Elles Aussi\"},\"image\":{\"@id\":\"https:\/\/www.ellesaussi.org\/#\/schema\/logo\/image\/\"},\"sameAs\":[\"https:\/\/www.facebook.com\/ellesaussi\/\"]},{\"@type\":\"Person\",\"@id\":\"https:\/\/www.ellesaussi.org\/#\/schema\/person\/eeca4be50db30b5dbb39f78fc3364160\",\"name\":\"admin\",\"image\":{\"@type\":\"ImageObject\",\"inLanguage\":\"fr-FR\",\"@id\":\"https:\/\/www.ellesaussi.org\/#\/schema\/person\/image\/\",\"url\":\"https:\/\/secure.gravatar.com\/avatar\/62da4937aa6d6b509192861c0b966204a1b742b2814f6387fa08fe6c98a8729c?s=96&d=mm&r=g\",\"contentUrl\":\"https:\/\/secure.gravatar.com\/avatar\/62da4937aa6d6b509192861c0b966204a1b742b2814f6387fa08fe6c98a8729c?s=96&d=mm&r=g\",\"caption\":\"admin\"},\"sameAs\":[\"https:\/\/elles129186.webdb78.lwspanel.com\"],\"url\":\"https:\/\/www.ellesaussi.org\/?author=1\"}]}<\/script>\n<!-- \/ Yoast SEO plugin. -->","yoast_head_json":{"title":"L\u2019Union europ\u00e9enne va imposer des quotas\u00a0 dans les conseils d\u2019administration des entreprises priv\u00e9es. - Elles Aussi","robots":{"index":"index","follow":"follow","max-snippet":"max-snippet:-1","max-image-preview":"max-image-preview:large","max-video-preview":"max-video-preview:-1"},"canonical":"https:\/\/www.ellesaussi.org\/?p=1351","og_locale":"fr_FR","og_type":"article","og_title":"L\u2019Union europ\u00e9enne va imposer des quotas\u00a0 dans les conseils d\u2019administration des entreprises priv\u00e9es. - Elles Aussi","og_description":"Le 7 juin 2022, apr\u00e8s dix ans de placard, un accord a \u00e9t\u00e9 trouv\u00e9 entre les Etats-membres et le Parlement europ\u00e9en concernant la directive sur les femmes dans les conseils d\u2019administration (Women on Boards). La France faisant figure d\u2019exemple avec le succ\u00e8s de la loi Cop\u00e9-Zimmermann de 2011, et pendant sa pr\u00e9sidence de l\u2019Union europ\u00e9enne, [&hellip;]","og_url":"https:\/\/www.ellesaussi.org\/?p=1351","og_site_name":"Elles Aussi","article_publisher":"https:\/\/www.facebook.com\/ellesaussi\/","article_published_time":"2022-06-07T15:46:00+00:00","article_modified_time":"2024-10-17T15:47:43+00:00","og_image":[{"width":443,"height":224,"url":"https:\/\/www.ellesaussi.org\/wp-content\/uploads\/2024\/10\/UEDirectivesurpresencedesfemmesdansCAdesentreprise.jpg","type":"image\/jpeg"}],"author":"admin","twitter_card":"summary_large_image","twitter_misc":{"\u00c9crit par":"admin","Dur\u00e9e de lecture estim\u00e9e":"2 minutes"},"schema":{"@context":"https:\/\/schema.org","@graph":[{"@type":"Article","@id":"https:\/\/www.ellesaussi.org\/?p=1351#article","isPartOf":{"@id":"https:\/\/www.ellesaussi.org\/?p=1351"},"author":{"name":"admin","@id":"https:\/\/www.ellesaussi.org\/#\/schema\/person\/eeca4be50db30b5dbb39f78fc3364160"},"headline":"L\u2019Union europ\u00e9enne va imposer des quotas\u00a0 dans les conseils d\u2019administration des entreprises priv\u00e9es.","datePublished":"2022-06-07T15:46:00+00:00","dateModified":"2024-10-17T15:47:43+00:00","mainEntityOfPage":{"@id":"https:\/\/www.ellesaussi.org\/?p=1351"},"wordCount":443,"publisher":{"@id":"https:\/\/www.ellesaussi.org\/#organization"},"image":{"@id":"https:\/\/www.ellesaussi.org\/?p=1351#primaryimage"},"thumbnailUrl":"https:\/\/www.ellesaussi.org\/wp-content\/uploads\/2024\/10\/UEDirectivesurpresencedesfemmesdansCAdesentreprise.jpg","articleSection":["Chronique de la parit\u00e9"],"inLanguage":"fr-FR"},{"@type":"WebPage","@id":"https:\/\/www.ellesaussi.org\/?p=1351","url":"https:\/\/www.ellesaussi.org\/?p=1351","name":"L\u2019Union europ\u00e9enne va imposer des quotas\u00a0 dans les conseils d\u2019administration des entreprises priv\u00e9es. - Elles Aussi","isPartOf":{"@id":"https:\/\/www.ellesaussi.org\/#website"},"primaryImageOfPage":{"@id":"https:\/\/www.ellesaussi.org\/?p=1351#primaryimage"},"image":{"@id":"https:\/\/www.ellesaussi.org\/?p=1351#primaryimage"},"thumbnailUrl":"https:\/\/www.ellesaussi.org\/wp-content\/uploads\/2024\/10\/UEDirectivesurpresencedesfemmesdansCAdesentreprise.jpg","datePublished":"2022-06-07T15:46:00+00:00","dateModified":"2024-10-17T15:47:43+00:00","breadcrumb":{"@id":"https:\/\/www.ellesaussi.org\/?p=1351#breadcrumb"},"inLanguage":"fr-FR","potentialAction":[{"@type":"ReadAction","target":["https:\/\/www.ellesaussi.org\/?p=1351"]}]},{"@type":"ImageObject","inLanguage":"fr-FR","@id":"https:\/\/www.ellesaussi.org\/?p=1351#primaryimage","url":"https:\/\/www.ellesaussi.org\/wp-content\/uploads\/2024\/10\/UEDirectivesurpresencedesfemmesdansCAdesentreprise.jpg","contentUrl":"https:\/\/www.ellesaussi.org\/wp-content\/uploads\/2024\/10\/UEDirectivesurpresencedesfemmesdansCAdesentreprise.jpg","width":443,"height":224},{"@type":"BreadcrumbList","@id":"https:\/\/www.ellesaussi.org\/?p=1351#breadcrumb","itemListElement":[{"@type":"ListItem","position":1,"name":"Accueil","item":"https:\/\/www.ellesaussi.org\/"},{"@type":"ListItem","position":2,"name":"L\u2019Union europ\u00e9enne va imposer des quotas\u00a0 dans les conseils d\u2019administration des entreprises priv\u00e9es."}]},{"@type":"WebSite","@id":"https:\/\/www.ellesaussi.org\/#website","url":"https:\/\/www.ellesaussi.org\/","name":"Elles Aussi","description":"","publisher":{"@id":"https:\/\/www.ellesaussi.org\/#organization"},"potentialAction":[{"@type":"SearchAction","target":{"@type":"EntryPoint","urlTemplate":"https:\/\/www.ellesaussi.org\/?s={search_term_string}"},"query-input":"required name=search_term_string"}],"inLanguage":"fr-FR"},{"@type":"Organization","@id":"https:\/\/www.ellesaussi.org\/#organization","name":"Elles Aussi","url":"https:\/\/www.ellesaussi.org\/","logo":{"@type":"ImageObject","inLanguage":"fr-FR","@id":"https:\/\/www.ellesaussi.org\/#\/schema\/logo\/image\/","url":"https:\/\/www.ellesaussi.org\/wp-content\/uploads\/2024\/05\/Elles-aussi_logotype_rouge.png","contentUrl":"https:\/\/www.ellesaussi.org\/wp-content\/uploads\/2024\/05\/Elles-aussi_logotype_rouge.png","width":3472,"height":2480,"caption":"Elles Aussi"},"image":{"@id":"https:\/\/www.ellesaussi.org\/#\/schema\/logo\/image\/"},"sameAs":["https:\/\/www.facebook.com\/ellesaussi\/"]},{"@type":"Person","@id":"https:\/\/www.ellesaussi.org\/#\/schema\/person\/eeca4be50db30b5dbb39f78fc3364160","name":"admin","image":{"@type":"ImageObject","inLanguage":"fr-FR","@id":"https:\/\/www.ellesaussi.org\/#\/schema\/person\/image\/","url":"https:\/\/secure.gravatar.com\/avatar\/62da4937aa6d6b509192861c0b966204a1b742b2814f6387fa08fe6c98a8729c?s=96&d=mm&r=g","contentUrl":"https:\/\/secure.gravatar.com\/avatar\/62da4937aa6d6b509192861c0b966204a1b742b2814f6387fa08fe6c98a8729c?s=96&d=mm&r=g","caption":"admin"},"sameAs":["https:\/\/elles129186.webdb78.lwspanel.com"],"url":"https:\/\/www.ellesaussi.org\/?author=1"}]}},"_links":{"self":[{"href":"https:\/\/www.ellesaussi.org\/index.php?rest_route=\/wp\/v2\/posts\/1351","targetHints":{"allow":["GET"]}}],"collection":[{"href":"https:\/\/www.ellesaussi.org\/index.php?rest_route=\/wp\/v2\/posts"}],"about":[{"href":"https:\/\/www.ellesaussi.org\/index.php?rest_route=\/wp\/v2\/types\/post"}],"author":[{"embeddable":true,"href":"https:\/\/www.ellesaussi.org\/index.php?rest_route=\/wp\/v2\/users\/1"}],"replies":[{"embeddable":true,"href":"https:\/\/www.ellesaussi.org\/index.php?rest_route=%2Fwp%2Fv2%2Fcomments&post=1351"}],"version-history":[{"count":4,"href":"https:\/\/www.ellesaussi.org\/index.php?rest_route=\/wp\/v2\/posts\/1351\/revisions"}],"predecessor-version":[{"id":1356,"href":"https:\/\/www.ellesaussi.org\/index.php?rest_route=\/wp\/v2\/posts\/1351\/revisions\/1356"}],"wp:featuredmedia":[{"embeddable":true,"href":"https:\/\/www.ellesaussi.org\/index.php?rest_route=\/wp\/v2\/media\/1352"}],"wp:attachment":[{"href":"https:\/\/www.ellesaussi.org\/index.php?rest_route=%2Fwp%2Fv2%2Fmedia&parent=1351"}],"wp:term":[{"taxonomy":"category","embeddable":true,"href":"https:\/\/www.ellesaussi.org\/index.php?rest_route=%2Fwp%2Fv2%2Fcategories&post=1351"},{"taxonomy":"post_tag","embeddable":true,"href":"https:\/\/www.ellesaussi.org\/index.php?rest_route=%2Fwp%2Fv2%2Ftags&post=1351"}],"curies":[{"name":"wp","href":"https:\/\/api.w.org\/{rel}","templated":true}]}}