{"id":1340,"date":"2022-10-09T17:39:00","date_gmt":"2022-10-09T15:39:00","guid":{"rendered":"https:\/\/elles129186.webdb78.lwspanel.com\/?p=1340"},"modified":"2024-10-17T17:42:33","modified_gmt":"2024-10-17T15:42:33","slug":"elles-aussi-et-50-ans-de-droits-des-femmes","status":"publish","type":"post","link":"https:\/\/www.ellesaussi.org\/?p=1340","title":{"rendered":"Elles aussi et 50 ans de droits des femmes"},"content":{"rendered":"\t\t<div data-elementor-type=\"wp-post\" data-elementor-id=\"1340\" class=\"elementor elementor-1340\" data-elementor-post-type=\"post\">\n\t\t\t\t<div class=\"elementor-element elementor-element-a6f05a3 e-flex e-con-boxed e-con e-parent\" data-id=\"a6f05a3\" data-element_type=\"container\">\n\t\t\t\t\t<div class=\"e-con-inner\">\n\t\t\t\t<div class=\"elementor-element elementor-element-087bfa9 elementor-widget elementor-widget-text-editor\" data-id=\"087bfa9\" data-element_type=\"widget\" data-widget_type=\"text-editor.default\">\n\t\t\t\t<div class=\"elementor-widget-container\">\n\t\t\t\t\t\t\t<p>Elles aussi a particip\u00e9 aux manifestations de l\u2019anniversaire des 50 ans des CIDFF \u00e0 la Cit\u00e9 fertile \u00e0 Pantin. Un \u00e9v\u00e8nement qui a attir\u00e9 plus de 5000 personnes pendant 3 jours du 7 octobre au 9 octobre 2022 pour f\u00eater l\u2019engagement de ces centres d\u2019information sur les Droits des femmes.<\/p><p><span style=\"color: #f15b43;\"><strong>Le r\u00e9seau des CIDFF<\/strong><\/span><\/p><p>Aujourd\u2019hui\u00a0 la F\u00e9d\u00e9ration nationale des Centres d&rsquo;information sur les droits des femmes et des familles (FNCIDFF) est une f\u00e9d\u00e9ration fran\u00e7aise d&rsquo;associations qui regroupe plus de 100 CIDFF (Centre d&rsquo;information sur les droits des femmes et des familles) r\u00e9partis sur toute la France\u00a0 et l\u2019outre-mer, dont les domaines d\u2019action sont l\u2019acc\u00e8s au droit, la lutte contre les violences sexistes, l\u2019emploi et la cr\u00e9ation d\u2019activit\u00e9, la vie familiale et la parentalit\u00e9, la sant\u00e9, l\u2019\u00e9ducation et la citoyennet\u00e9. L\u2019histoire de ce r\u00e9seau commence par la cr\u00e9ation, en janvier 1972, d\u2019un Centre d\u2019Information F\u00e9minin (CIF), \u00e0 Paris, plac\u00e9 sous l&rsquo;autorit\u00e9 du Premier ministre, \u00e0 la suite des \u00c9tats G\u00e9n\u00e9raux des Femmes (Versailles 1970) qui\u00a0 avaient conclu \u00e0 l&rsquo;urgence du d\u00e9veloppement d&rsquo;une politique publique d&rsquo;acc\u00e8s aux droits pour les femmes. La promotion de l\u2019\u00e9galit\u00e9 entre les femmes et les hommes est l\u2019ADN de ce r\u00e9seau.<\/p><p>Dans le cadre de cet anniversaire, Reine L\u00e9pinay Co-pr\u00e9sidente d\u2019Elles aussi a anim\u00e9 une table ronde le 9 octobre 2022 sur le th\u00e8me :\u00a0<\/p><p><strong><span style=\"color: #f15b43;\">\u00ab\u00a0 Le projet f\u00e9ministe dans la sph\u00e8re politique \u00bb.<\/span><\/strong><\/p><p><strong>Introduction du sujet de la table ronde : \u00ab\u00a0 Le projet f\u00e9ministe dans la sph\u00e8re politique \u00bb.\u00a0<\/strong><\/p><p>Son introduction a abord\u00e9 le long chemin de l\u2019\u00e9mancipation des femmes marqu\u00e9 par des r\u00e9volutions, des luttes, et des revendications. Elle dit la longue exclusion des femmes de la politique, leur r\u00f4le d\u00e9volu \u00e0 l\u2019\u00e9ducation des enfants et \u00e0 la gestion du foyer familial, tout en devant ob\u00e9issance \u00e0 leurs \u00e9poux, les nombreuses croyances dans lesquelles la religion a pris largement sa part en n\u2019octroyant aucun droit (divorce, avortement\u2026) et qui ont rendu la lib\u00e9ration des femmes difficile. Elle a rappel\u00e9 la D\u00e9claration des droits de la femme et de la citoyenne en 1791 d\u2019Olympe de Gouges en parall\u00e8le de la voix port\u00e9e par<\/p><p>Condorcet d\u00e9fendant la cause f\u00e9minine et sa l\u00e9gitimit\u00e9 \u00e0 participer \u00e0 la politique, et \u00e9voque un suffrage universel en 1848, excluant encore une fois les femmes, puis l\u2019engagement d\u2019Hubertine Auclert au XIX\u00e8me si\u00e8cle pour enfin rappeler le droit de vote et d\u2019\u00e9ligibilit\u00e9 de l\u2019ordonnance du G\u00e9n\u00e9ral De Gaulle en 1944. Elle exprime le militantisme f\u00e9ministe du XX\u00e8me si\u00e8cle qui attaque le code Napol\u00e9on, revendique le droit au divorce et celui de ne plus ob\u00e9ir aux maris, pour en 1965 obtenir le droit d\u2019exercer un m\u00e9tier sans leur autorisation. Elle dit \u00e9galement la demande d\u2019\u00e9galit\u00e9 salariale des femmes non aboutie encore \u00e0 ce jour, le droit de disposer librement de leur corps en 1975 avec la loi Simone Weil, et puis en 1999 la parit\u00e9 enfin inscrite dans l\u2019article 1 de la constitution :\u00a0 La loi \u00ab favorise\u00a0 l\u2019\u00e9gal acc\u00e8s des hommes et des femmes aux mandats \u00e9lectoraux et aux fonctions \u00e9lectives \u00bb, et les nombreuses lois paritaires qui ont suivi pour la composition des assembl\u00e9es d\u00e9lib\u00e9ratives et de leurs ex\u00e9cutifs dans des institutions politiques locales, europ\u00e9ennes, tout en laissant une absence de parit\u00e9 dans certaines collectivit\u00e9s locales (les petites communes-les intercommunalit\u00e9s) et les assembl\u00e9es nationales (S\u00e9nat et chambre des d\u00e9put\u00e9s).<\/p><p>Les femmes \u00e9lu.es ont la responsabilit\u00e9 de faire avancer le projet f\u00e9ministe dans une soci\u00e9t\u00e9 ou la culture de l\u2019\u00e9galit\u00e9 prend progressivement corps, en particulier dans la sph\u00e8re politique non sans peine.<\/p><p>C\u2019est alors que ce questionnement\u00a0 revient aujourd\u2019hui comme un leitmotiv : Comment porter le projet f\u00e9ministe au sein de la sph\u00e8re politique ?<\/p><p><strong><span style=\"color: #f15b43;\">Les intervenantes de la table ronde<\/span><\/strong><\/p><p>Trois intervenantes Nelly GARNIER\u00a0 Conseill\u00e8re de Paris, Conseill\u00e8re r\u00e9gionale Ile de France, (LR) ; Harmonie LE CERF Adjointe au maire de Bordeaux, charg\u00e9e de l&rsquo;acc\u00e8s aux droits, des solidarit\u00e9s et des seniors (EELV); Lauren LOLO Conseill\u00e8re municipale d\u00e9l\u00e9gu\u00e9e \u00e0 la transition \u00e9cologique, l\u2019environnement et \u00e0 l\u2019\u00e9cocitoyennet\u00e9 \u00e0 la commune de Fosses dans le 95,\u00a0\u00a0 co-fondatrice de la cit\u00e9 des chances, (sans \u00e9tiquette\u00a0 politique), ont pu aborder le sujet en deux temps,\u00a0 apr\u00e8s avoir d\u00e9fini au pr\u00e9alable l\u2019engagement f\u00e9ministe comme \u00a0\u00ab un ensemble de mouvements et d\u2019id\u00e9es philosophiques qui partagent un but commun : d\u00e9finir, promouvoir et atteindre l\u2019\u00e9galit\u00e9 politique, \u00e9conomique, culturelle, sociale et juridique entre les femmes et les hommes. \u00bb<\/p><p><strong><span style=\"color: #f15b43;\">Le projet f\u00e9ministe dans la sph\u00e8re politique : obstacles et propositions<\/span><\/strong><\/p><p>Dans un premier temps ont \u00e9t\u00e9 trait\u00e9s les obstacles \u00e0 surmonter au d\u00e9veloppement du projet f\u00e9ministe dans la sph\u00e8re politique, avec un temps fort sur le sexisme, les violences sexistes et sexuelles faisant \u00e0 ce moment-l\u00e0 l\u2019actualit\u00e9, mais aussi la charge mentale des femmes avec l\u2019in\u00e9gal partage dans la gestion des t\u00e2ches domestiques et des enfants, tout en mettant en \u00e9vidence les multiples in\u00e9galit\u00e9s d\u2019ordre \u00e9conomique, social, et soci\u00e9tal.\u00a0<\/p><p>Dans un deuxi\u00e8me temps, ont \u00e9t\u00e9 analys\u00e9s les engagements \u00e0 prendre pour faire vivre durablement le projet f\u00e9ministe dans la sph\u00e8re politique, et l\u2019inscrire dans la soci\u00e9t\u00e9 pour les g\u00e9n\u00e9rations futures. Ces pistes de r\u00e9flexion ont port\u00e9 sur la n\u00e9cessaire \u00e9volution l\u00e9gislative pour une juste repr\u00e9sentation des femmes dans toutes les instances \u00e9lues et dans les fonctions de pouvoir, (en particulier l\u2019obligation de quotas), sur une organisation paritaire et un fonctionnement transparent des partis politiques. Une analyse des moyens pour lutter contre les comportements sexistes et les violences masculines a suscit\u00e9 une position de tol\u00e9rance z\u00e9ro et la volont\u00e9 de sanctions plus syst\u00e9matiques. Des propositions ont \u00e9t\u00e9 faites dans le cadre des politiques publiques d\u2019\u00e9galit\u00e9 par l\u2019\u00e9vocation de mise en place de Budgets sensibles au genre, de l\u2019application de l\u2019\u00e9gaconditionnalit\u00e9 d\u00e8s la d\u00e9pense du premier euro public, et enfin pour une repr\u00e9sentation des femmes dans toutes les sph\u00e8res : politique, \u00e9conomique, sociale, soci\u00e9tale (r\u00f4les mod\u00e8les, marrainage, formation\u2026).\u00a0<\/p><p>En conclusion, le projet f\u00e9ministe dans la sph\u00e8re politique pour une \u00e9galit\u00e9 r\u00e9elle entre les femmes et les hommes, vise \u00e0\u00a0 reconstruire les rapports sociaux de sexe sur la base de la parit\u00e9, c\u2019est \u00e0 dire sur la base de l\u2019\u00e9galit\u00e9 entre les femmes et les hommes, non plus exclusivement en droit mais en valeur et en dignit\u00e9.\u00a0<\/p><p><strong>Une rencontre r\u00e9ussie avec une assembl\u00e9e de plus de 150 personnes.<\/strong><\/p>\t\t\t\t\t\t<\/div>\n\t\t\t\t<\/div>\n\t\t\t\t\t<\/div>\n\t\t\t\t<\/div>\n\t\t\t\t<\/div>\n\t\t","protected":false},"excerpt":{"rendered":"<p>Elles aussi a particip\u00e9 aux manifestations de l\u2019anniversaire des 50 ans des CIDFF \u00e0 la Cit\u00e9 fertile \u00e0 Pantin. Un \u00e9v\u00e8nement qui a attir\u00e9 plus de 5000 personnes pendant 3 jours du 7 octobre au 9 octobre 2022 pour f\u00eater l\u2019engagement de ces centres d\u2019information sur les Droits des femmes. Le r\u00e9seau des CIDFF Aujourd\u2019hui\u00a0 [&hellip;]<\/p>\n","protected":false},"author":1,"featured_media":683,"comment_status":"closed","ping_status":"closed","sticky":false,"template":"","format":"standard","meta":{"footnotes":""},"categories":[38],"tags":[],"class_list":["post-1340","post","type-post","status-publish","format-standard","has-post-thumbnail","hentry","category-chronique-de-la-parite"],"yoast_head":"<!-- This site is optimized with the Yoast SEO plugin v22.8 - https:\/\/yoast.com\/wordpress\/plugins\/seo\/ -->\n<title>Elles aussi et 50 ans de droits des femmes - Elles Aussi<\/title>\n<meta name=\"robots\" content=\"index, follow, max-snippet:-1, max-image-preview:large, max-video-preview:-1\" \/>\n<link rel=\"canonical\" href=\"https:\/\/www.ellesaussi.org\/?p=1340\" \/>\n<meta property=\"og:locale\" content=\"fr_FR\" \/>\n<meta property=\"og:type\" content=\"article\" \/>\n<meta property=\"og:title\" content=\"Elles aussi et 50 ans de droits des femmes - Elles Aussi\" \/>\n<meta property=\"og:description\" content=\"Elles aussi a particip\u00e9 aux manifestations de l\u2019anniversaire des 50 ans des CIDFF \u00e0 la Cit\u00e9 fertile \u00e0 Pantin. Un \u00e9v\u00e8nement qui a attir\u00e9 plus de 5000 personnes pendant 3 jours du 7 octobre au 9 octobre 2022 pour f\u00eater l\u2019engagement de ces centres d\u2019information sur les Droits des femmes. Le r\u00e9seau des CIDFF Aujourd\u2019hui\u00a0 [&hellip;]\" \/>\n<meta property=\"og:url\" content=\"https:\/\/www.ellesaussi.org\/?p=1340\" \/>\n<meta property=\"og:site_name\" content=\"Elles Aussi\" \/>\n<meta property=\"article:publisher\" content=\"https:\/\/www.facebook.com\/ellesaussi\/\" \/>\n<meta property=\"article:published_time\" content=\"2022-10-09T15:39:00+00:00\" \/>\n<meta property=\"article:modified_time\" content=\"2024-10-17T15:42:33+00:00\" \/>\n<meta property=\"og:image\" content=\"https:\/\/www.ellesaussi.org\/wp-content\/uploads\/2024\/10\/appel-du-18-juin-2024-Elles-aussi.jpg\" \/>\n\t<meta property=\"og:image:width\" content=\"200\" \/>\n\t<meta property=\"og:image:height\" content=\"144\" \/>\n\t<meta property=\"og:image:type\" content=\"image\/jpeg\" \/>\n<meta name=\"author\" content=\"admin\" \/>\n<meta name=\"twitter:card\" content=\"summary_large_image\" \/>\n<meta name=\"twitter:label1\" content=\"\u00c9crit par\" \/>\n\t<meta name=\"twitter:data1\" content=\"admin\" \/>\n\t<meta name=\"twitter:label2\" content=\"Dur\u00e9e de lecture estim\u00e9e\" \/>\n\t<meta name=\"twitter:data2\" content=\"6 minutes\" \/>\n<script type=\"application\/ld+json\" class=\"yoast-schema-graph\">{\"@context\":\"https:\/\/schema.org\",\"@graph\":[{\"@type\":\"Article\",\"@id\":\"https:\/\/www.ellesaussi.org\/?p=1340#article\",\"isPartOf\":{\"@id\":\"https:\/\/www.ellesaussi.org\/?p=1340\"},\"author\":{\"name\":\"admin\",\"@id\":\"https:\/\/www.ellesaussi.org\/#\/schema\/person\/eeca4be50db30b5dbb39f78fc3364160\"},\"headline\":\"Elles aussi et 50 ans de droits des femmes\",\"datePublished\":\"2022-10-09T15:39:00+00:00\",\"dateModified\":\"2024-10-17T15:42:33+00:00\",\"mainEntityOfPage\":{\"@id\":\"https:\/\/www.ellesaussi.org\/?p=1340\"},\"wordCount\":1151,\"publisher\":{\"@id\":\"https:\/\/www.ellesaussi.org\/#organization\"},\"image\":{\"@id\":\"https:\/\/www.ellesaussi.org\/?p=1340#primaryimage\"},\"thumbnailUrl\":\"https:\/\/www.ellesaussi.org\/wp-content\/uploads\/2024\/10\/appel-du-18-juin-2024-Elles-aussi.jpg\",\"articleSection\":[\"Chronique de la parit\u00e9\"],\"inLanguage\":\"fr-FR\"},{\"@type\":\"WebPage\",\"@id\":\"https:\/\/www.ellesaussi.org\/?p=1340\",\"url\":\"https:\/\/www.ellesaussi.org\/?p=1340\",\"name\":\"Elles aussi et 50 ans de droits des femmes - Elles Aussi\",\"isPartOf\":{\"@id\":\"https:\/\/www.ellesaussi.org\/#website\"},\"primaryImageOfPage\":{\"@id\":\"https:\/\/www.ellesaussi.org\/?p=1340#primaryimage\"},\"image\":{\"@id\":\"https:\/\/www.ellesaussi.org\/?p=1340#primaryimage\"},\"thumbnailUrl\":\"https:\/\/www.ellesaussi.org\/wp-content\/uploads\/2024\/10\/appel-du-18-juin-2024-Elles-aussi.jpg\",\"datePublished\":\"2022-10-09T15:39:00+00:00\",\"dateModified\":\"2024-10-17T15:42:33+00:00\",\"breadcrumb\":{\"@id\":\"https:\/\/www.ellesaussi.org\/?p=1340#breadcrumb\"},\"inLanguage\":\"fr-FR\",\"potentialAction\":[{\"@type\":\"ReadAction\",\"target\":[\"https:\/\/www.ellesaussi.org\/?p=1340\"]}]},{\"@type\":\"ImageObject\",\"inLanguage\":\"fr-FR\",\"@id\":\"https:\/\/www.ellesaussi.org\/?p=1340#primaryimage\",\"url\":\"https:\/\/www.ellesaussi.org\/wp-content\/uploads\/2024\/10\/appel-du-18-juin-2024-Elles-aussi.jpg\",\"contentUrl\":\"https:\/\/www.ellesaussi.org\/wp-content\/uploads\/2024\/10\/appel-du-18-juin-2024-Elles-aussi.jpg\",\"width\":200,\"height\":144},{\"@type\":\"BreadcrumbList\",\"@id\":\"https:\/\/www.ellesaussi.org\/?p=1340#breadcrumb\",\"itemListElement\":[{\"@type\":\"ListItem\",\"position\":1,\"name\":\"Accueil\",\"item\":\"https:\/\/www.ellesaussi.org\/\"},{\"@type\":\"ListItem\",\"position\":2,\"name\":\"Elles aussi et 50 ans de droits des femmes\"}]},{\"@type\":\"WebSite\",\"@id\":\"https:\/\/www.ellesaussi.org\/#website\",\"url\":\"https:\/\/www.ellesaussi.org\/\",\"name\":\"Elles Aussi\",\"description\":\"\",\"publisher\":{\"@id\":\"https:\/\/www.ellesaussi.org\/#organization\"},\"potentialAction\":[{\"@type\":\"SearchAction\",\"target\":{\"@type\":\"EntryPoint\",\"urlTemplate\":\"https:\/\/www.ellesaussi.org\/?s={search_term_string}\"},\"query-input\":\"required name=search_term_string\"}],\"inLanguage\":\"fr-FR\"},{\"@type\":\"Organization\",\"@id\":\"https:\/\/www.ellesaussi.org\/#organization\",\"name\":\"Elles Aussi\",\"url\":\"https:\/\/www.ellesaussi.org\/\",\"logo\":{\"@type\":\"ImageObject\",\"inLanguage\":\"fr-FR\",\"@id\":\"https:\/\/www.ellesaussi.org\/#\/schema\/logo\/image\/\",\"url\":\"https:\/\/www.ellesaussi.org\/wp-content\/uploads\/2024\/05\/Elles-aussi_logotype_rouge.png\",\"contentUrl\":\"https:\/\/www.ellesaussi.org\/wp-content\/uploads\/2024\/05\/Elles-aussi_logotype_rouge.png\",\"width\":3472,\"height\":2480,\"caption\":\"Elles Aussi\"},\"image\":{\"@id\":\"https:\/\/www.ellesaussi.org\/#\/schema\/logo\/image\/\"},\"sameAs\":[\"https:\/\/www.facebook.com\/ellesaussi\/\"]},{\"@type\":\"Person\",\"@id\":\"https:\/\/www.ellesaussi.org\/#\/schema\/person\/eeca4be50db30b5dbb39f78fc3364160\",\"name\":\"admin\",\"image\":{\"@type\":\"ImageObject\",\"inLanguage\":\"fr-FR\",\"@id\":\"https:\/\/www.ellesaussi.org\/#\/schema\/person\/image\/\",\"url\":\"https:\/\/secure.gravatar.com\/avatar\/62da4937aa6d6b509192861c0b966204a1b742b2814f6387fa08fe6c98a8729c?s=96&d=mm&r=g\",\"contentUrl\":\"https:\/\/secure.gravatar.com\/avatar\/62da4937aa6d6b509192861c0b966204a1b742b2814f6387fa08fe6c98a8729c?s=96&d=mm&r=g\",\"caption\":\"admin\"},\"sameAs\":[\"https:\/\/elles129186.webdb78.lwspanel.com\"],\"url\":\"https:\/\/www.ellesaussi.org\/?author=1\"}]}<\/script>\n<!-- \/ Yoast SEO plugin. -->","yoast_head_json":{"title":"Elles aussi et 50 ans de droits des femmes - Elles Aussi","robots":{"index":"index","follow":"follow","max-snippet":"max-snippet:-1","max-image-preview":"max-image-preview:large","max-video-preview":"max-video-preview:-1"},"canonical":"https:\/\/www.ellesaussi.org\/?p=1340","og_locale":"fr_FR","og_type":"article","og_title":"Elles aussi et 50 ans de droits des femmes - Elles Aussi","og_description":"Elles aussi a particip\u00e9 aux manifestations de l\u2019anniversaire des 50 ans des CIDFF \u00e0 la Cit\u00e9 fertile \u00e0 Pantin. Un \u00e9v\u00e8nement qui a attir\u00e9 plus de 5000 personnes pendant 3 jours du 7 octobre au 9 octobre 2022 pour f\u00eater l\u2019engagement de ces centres d\u2019information sur les Droits des femmes. Le r\u00e9seau des CIDFF Aujourd\u2019hui\u00a0 [&hellip;]","og_url":"https:\/\/www.ellesaussi.org\/?p=1340","og_site_name":"Elles Aussi","article_publisher":"https:\/\/www.facebook.com\/ellesaussi\/","article_published_time":"2022-10-09T15:39:00+00:00","article_modified_time":"2024-10-17T15:42:33+00:00","og_image":[{"width":200,"height":144,"url":"https:\/\/www.ellesaussi.org\/wp-content\/uploads\/2024\/10\/appel-du-18-juin-2024-Elles-aussi.jpg","type":"image\/jpeg"}],"author":"admin","twitter_card":"summary_large_image","twitter_misc":{"\u00c9crit par":"admin","Dur\u00e9e de lecture estim\u00e9e":"6 minutes"},"schema":{"@context":"https:\/\/schema.org","@graph":[{"@type":"Article","@id":"https:\/\/www.ellesaussi.org\/?p=1340#article","isPartOf":{"@id":"https:\/\/www.ellesaussi.org\/?p=1340"},"author":{"name":"admin","@id":"https:\/\/www.ellesaussi.org\/#\/schema\/person\/eeca4be50db30b5dbb39f78fc3364160"},"headline":"Elles aussi et 50 ans de droits des femmes","datePublished":"2022-10-09T15:39:00+00:00","dateModified":"2024-10-17T15:42:33+00:00","mainEntityOfPage":{"@id":"https:\/\/www.ellesaussi.org\/?p=1340"},"wordCount":1151,"publisher":{"@id":"https:\/\/www.ellesaussi.org\/#organization"},"image":{"@id":"https:\/\/www.ellesaussi.org\/?p=1340#primaryimage"},"thumbnailUrl":"https:\/\/www.ellesaussi.org\/wp-content\/uploads\/2024\/10\/appel-du-18-juin-2024-Elles-aussi.jpg","articleSection":["Chronique de la parit\u00e9"],"inLanguage":"fr-FR"},{"@type":"WebPage","@id":"https:\/\/www.ellesaussi.org\/?p=1340","url":"https:\/\/www.ellesaussi.org\/?p=1340","name":"Elles aussi et 50 ans de droits des femmes - Elles Aussi","isPartOf":{"@id":"https:\/\/www.ellesaussi.org\/#website"},"primaryImageOfPage":{"@id":"https:\/\/www.ellesaussi.org\/?p=1340#primaryimage"},"image":{"@id":"https:\/\/www.ellesaussi.org\/?p=1340#primaryimage"},"thumbnailUrl":"https:\/\/www.ellesaussi.org\/wp-content\/uploads\/2024\/10\/appel-du-18-juin-2024-Elles-aussi.jpg","datePublished":"2022-10-09T15:39:00+00:00","dateModified":"2024-10-17T15:42:33+00:00","breadcrumb":{"@id":"https:\/\/www.ellesaussi.org\/?p=1340#breadcrumb"},"inLanguage":"fr-FR","potentialAction":[{"@type":"ReadAction","target":["https:\/\/www.ellesaussi.org\/?p=1340"]}]},{"@type":"ImageObject","inLanguage":"fr-FR","@id":"https:\/\/www.ellesaussi.org\/?p=1340#primaryimage","url":"https:\/\/www.ellesaussi.org\/wp-content\/uploads\/2024\/10\/appel-du-18-juin-2024-Elles-aussi.jpg","contentUrl":"https:\/\/www.ellesaussi.org\/wp-content\/uploads\/2024\/10\/appel-du-18-juin-2024-Elles-aussi.jpg","width":200,"height":144},{"@type":"BreadcrumbList","@id":"https:\/\/www.ellesaussi.org\/?p=1340#breadcrumb","itemListElement":[{"@type":"ListItem","position":1,"name":"Accueil","item":"https:\/\/www.ellesaussi.org\/"},{"@type":"ListItem","position":2,"name":"Elles aussi et 50 ans de droits des femmes"}]},{"@type":"WebSite","@id":"https:\/\/www.ellesaussi.org\/#website","url":"https:\/\/www.ellesaussi.org\/","name":"Elles Aussi","description":"","publisher":{"@id":"https:\/\/www.ellesaussi.org\/#organization"},"potentialAction":[{"@type":"SearchAction","target":{"@type":"EntryPoint","urlTemplate":"https:\/\/www.ellesaussi.org\/?s={search_term_string}"},"query-input":"required name=search_term_string"}],"inLanguage":"fr-FR"},{"@type":"Organization","@id":"https:\/\/www.ellesaussi.org\/#organization","name":"Elles Aussi","url":"https:\/\/www.ellesaussi.org\/","logo":{"@type":"ImageObject","inLanguage":"fr-FR","@id":"https:\/\/www.ellesaussi.org\/#\/schema\/logo\/image\/","url":"https:\/\/www.ellesaussi.org\/wp-content\/uploads\/2024\/05\/Elles-aussi_logotype_rouge.png","contentUrl":"https:\/\/www.ellesaussi.org\/wp-content\/uploads\/2024\/05\/Elles-aussi_logotype_rouge.png","width":3472,"height":2480,"caption":"Elles Aussi"},"image":{"@id":"https:\/\/www.ellesaussi.org\/#\/schema\/logo\/image\/"},"sameAs":["https:\/\/www.facebook.com\/ellesaussi\/"]},{"@type":"Person","@id":"https:\/\/www.ellesaussi.org\/#\/schema\/person\/eeca4be50db30b5dbb39f78fc3364160","name":"admin","image":{"@type":"ImageObject","inLanguage":"fr-FR","@id":"https:\/\/www.ellesaussi.org\/#\/schema\/person\/image\/","url":"https:\/\/secure.gravatar.com\/avatar\/62da4937aa6d6b509192861c0b966204a1b742b2814f6387fa08fe6c98a8729c?s=96&d=mm&r=g","contentUrl":"https:\/\/secure.gravatar.com\/avatar\/62da4937aa6d6b509192861c0b966204a1b742b2814f6387fa08fe6c98a8729c?s=96&d=mm&r=g","caption":"admin"},"sameAs":["https:\/\/elles129186.webdb78.lwspanel.com"],"url":"https:\/\/www.ellesaussi.org\/?author=1"}]}},"_links":{"self":[{"href":"https:\/\/www.ellesaussi.org\/index.php?rest_route=\/wp\/v2\/posts\/1340","targetHints":{"allow":["GET"]}}],"collection":[{"href":"https:\/\/www.ellesaussi.org\/index.php?rest_route=\/wp\/v2\/posts"}],"about":[{"href":"https:\/\/www.ellesaussi.org\/index.php?rest_route=\/wp\/v2\/types\/post"}],"author":[{"embeddable":true,"href":"https:\/\/www.ellesaussi.org\/index.php?rest_route=\/wp\/v2\/users\/1"}],"replies":[{"embeddable":true,"href":"https:\/\/www.ellesaussi.org\/index.php?rest_route=%2Fwp%2Fv2%2Fcomments&post=1340"}],"version-history":[{"count":4,"href":"https:\/\/www.ellesaussi.org\/index.php?rest_route=\/wp\/v2\/posts\/1340\/revisions"}],"predecessor-version":[{"id":1344,"href":"https:\/\/www.ellesaussi.org\/index.php?rest_route=\/wp\/v2\/posts\/1340\/revisions\/1344"}],"wp:featuredmedia":[{"embeddable":true,"href":"https:\/\/www.ellesaussi.org\/index.php?rest_route=\/wp\/v2\/media\/683"}],"wp:attachment":[{"href":"https:\/\/www.ellesaussi.org\/index.php?rest_route=%2Fwp%2Fv2%2Fmedia&parent=1340"}],"wp:term":[{"taxonomy":"category","embeddable":true,"href":"https:\/\/www.ellesaussi.org\/index.php?rest_route=%2Fwp%2Fv2%2Fcategories&post=1340"},{"taxonomy":"post_tag","embeddable":true,"href":"https:\/\/www.ellesaussi.org\/index.php?rest_route=%2Fwp%2Fv2%2Ftags&post=1340"}],"curies":[{"name":"wp","href":"https:\/\/api.w.org\/{rel}","templated":true}]}}