{"id":1332,"date":"2022-10-22T16:31:00","date_gmt":"2022-10-22T14:31:00","guid":{"rendered":"https:\/\/elles129186.webdb78.lwspanel.com\/?p=1332"},"modified":"2024-10-17T16:33:00","modified_gmt":"2024-10-17T14:33:00","slug":"femmes-et-pouvoir-une-democratie-feministe-est-elle-possible","status":"publish","type":"post","link":"https:\/\/www.ellesaussi.org\/?p=1332","title":{"rendered":"Femmes et pouvoir. Une d\u00e9mocratie f\u00e9ministe est-elle possible ?"},"content":{"rendered":"\t\t<div data-elementor-type=\"wp-post\" data-elementor-id=\"1332\" class=\"elementor elementor-1332\" data-elementor-post-type=\"post\">\n\t\t\t\t<div class=\"elementor-element elementor-element-21db6a8 e-flex e-con-boxed e-con e-parent\" data-id=\"21db6a8\" data-element_type=\"container\">\n\t\t\t\t\t<div class=\"e-con-inner\">\n\t\t\t\t<div class=\"elementor-element elementor-element-8c8fa93 elementor-widget elementor-widget-text-editor\" data-id=\"8c8fa93\" data-element_type=\"widget\" data-widget_type=\"text-editor.default\">\n\t\t\t\t<div class=\"elementor-widget-container\">\n\t\t\t\t\t\t\t<p><strong>A notre \u00e9poque o\u00f9 le f\u00e9minisme est devenu un fait culturel majeur, on assiste \u00e0 l\u2019arriv\u00e9e au pouvoir dans le monde de femmes politiques p\u00e9tries d\u2019audace et d\u2019ambition, comme un des effets des revendications de parit\u00e9 et d\u2019\u00e9galit\u00e9. Elles aussi se saisit de l\u2019actualit\u00e9 r\u00e9cente pour initier un questionnement \u00e0 poursuivre sur les f\u00e9minismes.<\/strong><\/p><p>\u00a0L\u2019id\u00e9e de parit\u00e9 est n\u00e9e en Europe, il y a plus de trois d\u00e9cennies, comme juste \u00e9quilibre entre les femmes et les hommes dans la r\u00e9partition des pouvoirs et des responsabilit\u00e9s, port\u00e9e par le mouvement paritaire issu de la mobilisation associative, elle a \u00e9t\u00e9 l\u00e9gitim\u00e9e et confirm\u00e9e mondialement, lors de la quatri\u00e8me conf\u00e9rence mondiale sur les femmes \u00e0 P\u00e9kin en 1995. La br\u00e8che ainsi ouverte dans un monde dirig\u00e9 exclusivement par des hommes a ouvert aux femmes, moiti\u00e9 de l\u2019humanit\u00e9, l\u2019acc\u00e8s au champ politique, a favoris\u00e9 leur audace et leur ambition, et dynamis\u00e9 les\u00a0 revendications en droits d\u2019autres\u00a0 groupes sociaux , ou minorit\u00e9s oubli\u00e9es .On a ainsi vu , \u00e0 travers le monde , des premi\u00e8res figures de femmes devenir cheffes de gouvernement, des femmes affirmer leur pr\u00e9sence \u00e0 l\u2019UE ; nous avons salu\u00e9 ce renouvellement , attentives \u00e0 leurs d\u00e9clarations politiques concernant les femmes.<\/p><p>Le f\u00e9minisme est devenu un fait culturel majeur et \u00e0 l\u2019instar de ces femmes puissantes, sont f\u00e9ministes, aujourd\u2019hui, toutes femmes qui, ne reculant pas devant leurs d\u00e9sirs mettent en acte leur aspiration \u00e0 une \u00e9galit\u00e9 avec les hommes dans le cercle priv\u00e9 et le domaine public. Les victoires r\u00e9centes, quoique de natures tr\u00e8s diff\u00e9rentes de Liz Truss Premi\u00e8re Ministre du Royaume Uni et de Giorgia Meloni en Italie, sans doute future premi\u00e8re femme Pr\u00e9sidente du Conseil, nous incitent \u00e0 pr\u00e9ciser bri\u00e8vement le f\u00e9minisme d\u2019Elles aussi dans son engagement de 30 ans pour la parit\u00e9.<\/p><p>Pour Elles aussi, il ne s\u2019agit pas de partager avec les hommes un pouvoir inchang\u00e9, mais, portant une r\u00e9flexion critique sur ce pouvoir lui-m\u00eame, son principe et son \u00e9conomie politique, de le transformer en y introduisant l\u2019h\u00e9t\u00e9rog\u00e9n\u00e9it\u00e9 et la diff\u00e9rence venant de l\u2019exp\u00e9rience de vie des femmes. Comment parler d\u2019\u00e9galit\u00e9 entre deux termes non identiques qu\u2019on veut \u00e9galiser, sans interroger leur diff\u00e9rence ? Comment parler d\u2019\u00e9galit\u00e9 avec les hommes dans le monde tel qu\u2019il est o\u00f9 r\u00e8gne toujours un principe d\u2019in\u00e9galit\u00e9 entre les sexes, un monde encore androcentr\u00e9, malgr\u00e9 des progr\u00e8s, o\u00f9 le masculin repr\u00e9sente toujours symboliquement l\u2019humain ? Cette d\u00e9marche a d\u2019ailleurs favoris\u00e9 chez les hommes la prise de conscience des normes sexu\u00e9es qui les contraignent aussi. Le peuple des hommes n\u2019est pas un bloc phallocrate ! Et pour Elles aussi, la parit\u00e9 est un levier pour d\u00e9mocratiser notre syst\u00e8me politique\u00a0<\/p><p>Dans les deux situations de prise de pouvoir par des femmes, au Royaume Uni et en Italie, on a vu \u00e0 l\u2019\u0153uvre un f\u00e9minisme opportuniste portant avant tout des int\u00e9r\u00eats de classe ou une id\u00e9ologie et non l\u2019\u00e9galit\u00e9 de genre, ayant parfaitement int\u00e9gr\u00e9 et rejouant les pratiques habituelles du patriarcat politique.<\/p><p>Quels sont les ressorts profonds des votes des adh\u00e9rents au parti conservateur qui ont amen\u00e9 Liz Truss \u00e0 la t\u00eate de ce parti et au poste de Premi\u00e8re Ministre ? A 70% des hommes, plut\u00f4t \u00e2g\u00e9s (la cinquantaine en moyenne), ne repr\u00e9sentant pas la diversit\u00e9 ethnique du pays <a href=\"#_ftn1\" name=\"_ftnref1\"><sup>[1]<\/sup><\/a> ont vot\u00e9 pour une femme plus jeune, dure et \u00e9rig\u00e9e sous le travestissement de Margaret Thatcher jusqu\u2019au mim\u00e9tisme vestimentaire.\u00a0<\/p><p>Certes, f\u00e9miniser les directions des formations d\u2019extr\u00eame-droite semble une n\u00e9cessit\u00e9 strat\u00e9gique pour attirer les \u00e9lectrices ; mais la victoire aux \u00e9lections l\u00e9gislatives en Italie du parti de Giorgia Meloni a fait l\u2019effet d\u2019une bombe en Europe. Son nom Fratelli d\u2019Italia (FDI)ou fr\u00e8res d\u2019italie est d\u00e9j\u00e0 tout un programme, excluant les femmes, ignorant leur force et leur apport.<\/p><p>Giorgia Meloni a 45 ans et 30 ans d\u2019engagement politique commenc\u00e9 au Mouvement Social Italien (MSI) fond\u00e9 par des fid\u00e8les de Benito Mussolini apr\u00e8s sa chute en 1946. N\u00e9e dans un milieu de gauche, en r\u00e9volte contre son p\u00e8re qui abandonne la famille, elle trouve au MSI, puis \u00e0 l\u2019Alliance Nationale (AN) qui lui succ\u00e8de une seconde famille et une figure de p\u00e8re et d\u2019autorit\u00e9 l\u00e9gitimante, \u00e0 laquelle s\u2019identifier. Le FDI nait des cendres de l\u2019AN en 2012, apr\u00e8s l\u2019implosion de la droite italienne, il r\u00e9pond alors \u00e0 la volont\u00e9 de retrouver une continuit\u00e9 avec l\u2019histoire du MSI, comme en t\u00e9moigne l\u2019embl\u00e8me du parti : la flamme tricolore qui \u00e9voquerait le feu ardent et \u00e9ternel br\u00fblant sur la tombe de Mussolini. Tout en prenant ses distances avec le pass\u00e9 mussolinien sans le d\u00e9savouer totalement, entre ambigu\u00eft\u00e9s et double discours, Meloni est un personnage m\u00e9diatique pr\u00eate \u00e0 tout pour exister, elle arrive ainsi \u00e0 incarner la nouveaut\u00e9 pour des millions d\u2019\u00e9lecteurs italiens, un v\u00e9ritable tour de force ! Si le FDI n\u2019a rien \u00e0 voir avec le culte de la violence des squadristes mussoliniens, les fondamentaux demeurent, comme en atteste la reprise du slogan \u00ab Dieu, Famille, Patrie\u00a0\u00bb. On peut les expliciter : d\u00e9fense des int\u00e9r\u00eats nationaux contre l\u2019UE, x\u00e9nophobie, hostilit\u00e9 aux immigr\u00e9s, conservatisme, autoritarisme, attachement aux valeurs chr\u00e9tiennes et \u00e0 la \u00ab famille naturelle \u00bb, opposition \u00e0 \u00ab l\u2019id\u00e9ologie du genre \u00bb et aux groupes LGBT. Meloni soutient les valeurs traditionnelles contre la modernit\u00e9 qui cr\u00e9erait, selon ses dires, le d\u00e9sordre et le d\u00e9sarroi dans le peuple<\/p><p>Les femmes n\u2019ont \u00e9videmment rien \u00e0 attendre de son gouvernement, d\u2019ailleurs la politique nataliste annonc\u00e9e, a en ligne de mire de r\u00e9duire l\u2019acc\u00e8s \u00e0 l\u2019avortement et \u00e0 la contraception.\u00a0<\/p><p>Tandis que, de Viktor Orban \u00e0 Marine Le Pen, les leaders des partis nationalistes et r\u00e9actionnaires\u00a0 europ\u00e9ens\u00a0 se f\u00e9licitent que leurs id\u00e9es arrivent au pouvoir en Italie, les n\u00e9gociations institutionnelles en cours s\u2019av\u00e8rent houleuses et difficiles pour\u00a0 Giorgia Meloni ; elle est bien une femme, malgr\u00e9 sa posture affich\u00e9e et le machisme des alli\u00e9s qu\u2019elle a distanc\u00e9s, Silvio Berlusconi et Matteo Salvini, ne lui facilite pas la t\u00e2che .<\/p><p>\u00a0Anne-Marie Marmier, 18 septembre 2022<a href=\"#_ftn2\" name=\"_ftnref2\"><sup>[2]<\/sup><\/a><\/p><p>\u00a0<\/p><p><a href=\"#_ftnref1\" name=\"_ftn1\">[1]<\/a> Selon une \u00e9tude de la Queen University de Londres<\/p><p><a href=\"#_ftnref2\" name=\"_ftn2\">[2]<\/a> Depuis cette date, Liz Truss\u00a0 a \u00e9t\u00e9 contrainte de d\u00e9missionner et\u00a0 Giorgia Meloni devenue Premi\u00e8re Ministre, a\u00a0 pr\u00e9sent\u00e9 son gouvernement de 24 ministres dont 6 femmes et pami elles, 4\u00a0 sont des ministres sans porte- feuille dont\u00a0 Famille, natalit\u00e9 et \u00e9galit\u00e9 des chances.<\/p>\t\t\t\t\t\t<\/div>\n\t\t\t\t<\/div>\n\t\t\t\t\t<\/div>\n\t\t\t\t<\/div>\n\t\t\t\t<\/div>\n\t\t","protected":false},"excerpt":{"rendered":"<p>A notre \u00e9poque o\u00f9 le f\u00e9minisme est devenu un fait culturel majeur, on assiste \u00e0 l\u2019arriv\u00e9e au pouvoir dans le monde de femmes politiques p\u00e9tries d\u2019audace et d\u2019ambition, comme un des effets des revendications de parit\u00e9 et d\u2019\u00e9galit\u00e9. Elles aussi se saisit de l\u2019actualit\u00e9 r\u00e9cente pour initier un questionnement \u00e0 poursuivre sur les f\u00e9minismes. \u00a0L\u2019id\u00e9e [&hellip;]<\/p>\n","protected":false},"author":1,"featured_media":1333,"comment_status":"closed","ping_status":"closed","sticky":false,"template":"","format":"standard","meta":{"footnotes":""},"categories":[38],"tags":[],"class_list":["post-1332","post","type-post","status-publish","format-standard","has-post-thumbnail","hentry","category-chronique-de-la-parite"],"yoast_head":"<!-- This site is optimized with the Yoast SEO plugin v22.8 - https:\/\/yoast.com\/wordpress\/plugins\/seo\/ -->\n<title>Femmes et pouvoir. Une d\u00e9mocratie f\u00e9ministe est-elle possible ? - Elles Aussi<\/title>\n<meta name=\"robots\" content=\"index, follow, max-snippet:-1, max-image-preview:large, max-video-preview:-1\" \/>\n<link rel=\"canonical\" href=\"https:\/\/www.ellesaussi.org\/?p=1332\" \/>\n<meta property=\"og:locale\" content=\"fr_FR\" \/>\n<meta property=\"og:type\" content=\"article\" \/>\n<meta property=\"og:title\" content=\"Femmes et pouvoir. Une d\u00e9mocratie f\u00e9ministe est-elle possible ? - Elles Aussi\" \/>\n<meta property=\"og:description\" content=\"A notre \u00e9poque o\u00f9 le f\u00e9minisme est devenu un fait culturel majeur, on assiste \u00e0 l\u2019arriv\u00e9e au pouvoir dans le monde de femmes politiques p\u00e9tries d\u2019audace et d\u2019ambition, comme un des effets des revendications de parit\u00e9 et d\u2019\u00e9galit\u00e9. Elles aussi se saisit de l\u2019actualit\u00e9 r\u00e9cente pour initier un questionnement \u00e0 poursuivre sur les f\u00e9minismes. \u00a0L\u2019id\u00e9e [&hellip;]\" \/>\n<meta property=\"og:url\" content=\"https:\/\/www.ellesaussi.org\/?p=1332\" \/>\n<meta property=\"og:site_name\" content=\"Elles Aussi\" \/>\n<meta property=\"article:publisher\" content=\"https:\/\/www.facebook.com\/ellesaussi\/\" \/>\n<meta property=\"article:published_time\" content=\"2022-10-22T14:31:00+00:00\" \/>\n<meta property=\"article:modified_time\" content=\"2024-10-17T14:33:00+00:00\" \/>\n<meta property=\"og:image\" content=\"https:\/\/www.ellesaussi.org\/wp-content\/uploads\/2024\/10\/giogiameloni.jpg\" \/>\n\t<meta property=\"og:image:width\" content=\"220\" \/>\n\t<meta property=\"og:image:height\" content=\"357\" \/>\n\t<meta property=\"og:image:type\" content=\"image\/jpeg\" \/>\n<meta name=\"author\" content=\"admin\" \/>\n<meta name=\"twitter:card\" content=\"summary_large_image\" \/>\n<meta name=\"twitter:label1\" content=\"\u00c9crit par\" \/>\n\t<meta name=\"twitter:data1\" content=\"admin\" \/>\n\t<meta name=\"twitter:label2\" content=\"Dur\u00e9e de lecture estim\u00e9e\" \/>\n\t<meta name=\"twitter:data2\" content=\"6 minutes\" \/>\n<script type=\"application\/ld+json\" class=\"yoast-schema-graph\">{\"@context\":\"https:\/\/schema.org\",\"@graph\":[{\"@type\":\"Article\",\"@id\":\"https:\/\/www.ellesaussi.org\/?p=1332#article\",\"isPartOf\":{\"@id\":\"https:\/\/www.ellesaussi.org\/?p=1332\"},\"author\":{\"name\":\"admin\",\"@id\":\"https:\/\/www.ellesaussi.org\/#\/schema\/person\/eeca4be50db30b5dbb39f78fc3364160\"},\"headline\":\"Femmes et pouvoir. Une d\u00e9mocratie f\u00e9ministe est-elle possible ?\",\"datePublished\":\"2022-10-22T14:31:00+00:00\",\"dateModified\":\"2024-10-17T14:33:00+00:00\",\"mainEntityOfPage\":{\"@id\":\"https:\/\/www.ellesaussi.org\/?p=1332\"},\"wordCount\":1146,\"publisher\":{\"@id\":\"https:\/\/www.ellesaussi.org\/#organization\"},\"image\":{\"@id\":\"https:\/\/www.ellesaussi.org\/?p=1332#primaryimage\"},\"thumbnailUrl\":\"https:\/\/www.ellesaussi.org\/wp-content\/uploads\/2024\/10\/giogiameloni.jpg\",\"articleSection\":[\"Chronique de la parit\u00e9\"],\"inLanguage\":\"fr-FR\"},{\"@type\":\"WebPage\",\"@id\":\"https:\/\/www.ellesaussi.org\/?p=1332\",\"url\":\"https:\/\/www.ellesaussi.org\/?p=1332\",\"name\":\"Femmes et pouvoir. Une d\u00e9mocratie f\u00e9ministe est-elle possible ? - Elles Aussi\",\"isPartOf\":{\"@id\":\"https:\/\/www.ellesaussi.org\/#website\"},\"primaryImageOfPage\":{\"@id\":\"https:\/\/www.ellesaussi.org\/?p=1332#primaryimage\"},\"image\":{\"@id\":\"https:\/\/www.ellesaussi.org\/?p=1332#primaryimage\"},\"thumbnailUrl\":\"https:\/\/www.ellesaussi.org\/wp-content\/uploads\/2024\/10\/giogiameloni.jpg\",\"datePublished\":\"2022-10-22T14:31:00+00:00\",\"dateModified\":\"2024-10-17T14:33:00+00:00\",\"breadcrumb\":{\"@id\":\"https:\/\/www.ellesaussi.org\/?p=1332#breadcrumb\"},\"inLanguage\":\"fr-FR\",\"potentialAction\":[{\"@type\":\"ReadAction\",\"target\":[\"https:\/\/www.ellesaussi.org\/?p=1332\"]}]},{\"@type\":\"ImageObject\",\"inLanguage\":\"fr-FR\",\"@id\":\"https:\/\/www.ellesaussi.org\/?p=1332#primaryimage\",\"url\":\"https:\/\/www.ellesaussi.org\/wp-content\/uploads\/2024\/10\/giogiameloni.jpg\",\"contentUrl\":\"https:\/\/www.ellesaussi.org\/wp-content\/uploads\/2024\/10\/giogiameloni.jpg\",\"width\":220,\"height\":357},{\"@type\":\"BreadcrumbList\",\"@id\":\"https:\/\/www.ellesaussi.org\/?p=1332#breadcrumb\",\"itemListElement\":[{\"@type\":\"ListItem\",\"position\":1,\"name\":\"Accueil\",\"item\":\"https:\/\/www.ellesaussi.org\/\"},{\"@type\":\"ListItem\",\"position\":2,\"name\":\"Femmes et pouvoir. Une d\u00e9mocratie f\u00e9ministe est-elle possible ?\"}]},{\"@type\":\"WebSite\",\"@id\":\"https:\/\/www.ellesaussi.org\/#website\",\"url\":\"https:\/\/www.ellesaussi.org\/\",\"name\":\"Elles Aussi\",\"description\":\"\",\"publisher\":{\"@id\":\"https:\/\/www.ellesaussi.org\/#organization\"},\"potentialAction\":[{\"@type\":\"SearchAction\",\"target\":{\"@type\":\"EntryPoint\",\"urlTemplate\":\"https:\/\/www.ellesaussi.org\/?s={search_term_string}\"},\"query-input\":\"required name=search_term_string\"}],\"inLanguage\":\"fr-FR\"},{\"@type\":\"Organization\",\"@id\":\"https:\/\/www.ellesaussi.org\/#organization\",\"name\":\"Elles Aussi\",\"url\":\"https:\/\/www.ellesaussi.org\/\",\"logo\":{\"@type\":\"ImageObject\",\"inLanguage\":\"fr-FR\",\"@id\":\"https:\/\/www.ellesaussi.org\/#\/schema\/logo\/image\/\",\"url\":\"https:\/\/www.ellesaussi.org\/wp-content\/uploads\/2024\/05\/Elles-aussi_logotype_rouge.png\",\"contentUrl\":\"https:\/\/www.ellesaussi.org\/wp-content\/uploads\/2024\/05\/Elles-aussi_logotype_rouge.png\",\"width\":3472,\"height\":2480,\"caption\":\"Elles Aussi\"},\"image\":{\"@id\":\"https:\/\/www.ellesaussi.org\/#\/schema\/logo\/image\/\"},\"sameAs\":[\"https:\/\/www.facebook.com\/ellesaussi\/\"]},{\"@type\":\"Person\",\"@id\":\"https:\/\/www.ellesaussi.org\/#\/schema\/person\/eeca4be50db30b5dbb39f78fc3364160\",\"name\":\"admin\",\"image\":{\"@type\":\"ImageObject\",\"inLanguage\":\"fr-FR\",\"@id\":\"https:\/\/www.ellesaussi.org\/#\/schema\/person\/image\/\",\"url\":\"https:\/\/secure.gravatar.com\/avatar\/62da4937aa6d6b509192861c0b966204a1b742b2814f6387fa08fe6c98a8729c?s=96&d=mm&r=g\",\"contentUrl\":\"https:\/\/secure.gravatar.com\/avatar\/62da4937aa6d6b509192861c0b966204a1b742b2814f6387fa08fe6c98a8729c?s=96&d=mm&r=g\",\"caption\":\"admin\"},\"sameAs\":[\"https:\/\/elles129186.webdb78.lwspanel.com\"],\"url\":\"https:\/\/www.ellesaussi.org\/?author=1\"}]}<\/script>\n<!-- \/ Yoast SEO plugin. -->","yoast_head_json":{"title":"Femmes et pouvoir. Une d\u00e9mocratie f\u00e9ministe est-elle possible ? - Elles Aussi","robots":{"index":"index","follow":"follow","max-snippet":"max-snippet:-1","max-image-preview":"max-image-preview:large","max-video-preview":"max-video-preview:-1"},"canonical":"https:\/\/www.ellesaussi.org\/?p=1332","og_locale":"fr_FR","og_type":"article","og_title":"Femmes et pouvoir. Une d\u00e9mocratie f\u00e9ministe est-elle possible ? - Elles Aussi","og_description":"A notre \u00e9poque o\u00f9 le f\u00e9minisme est devenu un fait culturel majeur, on assiste \u00e0 l\u2019arriv\u00e9e au pouvoir dans le monde de femmes politiques p\u00e9tries d\u2019audace et d\u2019ambition, comme un des effets des revendications de parit\u00e9 et d\u2019\u00e9galit\u00e9. Elles aussi se saisit de l\u2019actualit\u00e9 r\u00e9cente pour initier un questionnement \u00e0 poursuivre sur les f\u00e9minismes. \u00a0L\u2019id\u00e9e [&hellip;]","og_url":"https:\/\/www.ellesaussi.org\/?p=1332","og_site_name":"Elles Aussi","article_publisher":"https:\/\/www.facebook.com\/ellesaussi\/","article_published_time":"2022-10-22T14:31:00+00:00","article_modified_time":"2024-10-17T14:33:00+00:00","og_image":[{"width":220,"height":357,"url":"https:\/\/www.ellesaussi.org\/wp-content\/uploads\/2024\/10\/giogiameloni.jpg","type":"image\/jpeg"}],"author":"admin","twitter_card":"summary_large_image","twitter_misc":{"\u00c9crit par":"admin","Dur\u00e9e de lecture estim\u00e9e":"6 minutes"},"schema":{"@context":"https:\/\/schema.org","@graph":[{"@type":"Article","@id":"https:\/\/www.ellesaussi.org\/?p=1332#article","isPartOf":{"@id":"https:\/\/www.ellesaussi.org\/?p=1332"},"author":{"name":"admin","@id":"https:\/\/www.ellesaussi.org\/#\/schema\/person\/eeca4be50db30b5dbb39f78fc3364160"},"headline":"Femmes et pouvoir. Une d\u00e9mocratie f\u00e9ministe est-elle possible ?","datePublished":"2022-10-22T14:31:00+00:00","dateModified":"2024-10-17T14:33:00+00:00","mainEntityOfPage":{"@id":"https:\/\/www.ellesaussi.org\/?p=1332"},"wordCount":1146,"publisher":{"@id":"https:\/\/www.ellesaussi.org\/#organization"},"image":{"@id":"https:\/\/www.ellesaussi.org\/?p=1332#primaryimage"},"thumbnailUrl":"https:\/\/www.ellesaussi.org\/wp-content\/uploads\/2024\/10\/giogiameloni.jpg","articleSection":["Chronique de la parit\u00e9"],"inLanguage":"fr-FR"},{"@type":"WebPage","@id":"https:\/\/www.ellesaussi.org\/?p=1332","url":"https:\/\/www.ellesaussi.org\/?p=1332","name":"Femmes et pouvoir. Une d\u00e9mocratie f\u00e9ministe est-elle possible ? - Elles Aussi","isPartOf":{"@id":"https:\/\/www.ellesaussi.org\/#website"},"primaryImageOfPage":{"@id":"https:\/\/www.ellesaussi.org\/?p=1332#primaryimage"},"image":{"@id":"https:\/\/www.ellesaussi.org\/?p=1332#primaryimage"},"thumbnailUrl":"https:\/\/www.ellesaussi.org\/wp-content\/uploads\/2024\/10\/giogiameloni.jpg","datePublished":"2022-10-22T14:31:00+00:00","dateModified":"2024-10-17T14:33:00+00:00","breadcrumb":{"@id":"https:\/\/www.ellesaussi.org\/?p=1332#breadcrumb"},"inLanguage":"fr-FR","potentialAction":[{"@type":"ReadAction","target":["https:\/\/www.ellesaussi.org\/?p=1332"]}]},{"@type":"ImageObject","inLanguage":"fr-FR","@id":"https:\/\/www.ellesaussi.org\/?p=1332#primaryimage","url":"https:\/\/www.ellesaussi.org\/wp-content\/uploads\/2024\/10\/giogiameloni.jpg","contentUrl":"https:\/\/www.ellesaussi.org\/wp-content\/uploads\/2024\/10\/giogiameloni.jpg","width":220,"height":357},{"@type":"BreadcrumbList","@id":"https:\/\/www.ellesaussi.org\/?p=1332#breadcrumb","itemListElement":[{"@type":"ListItem","position":1,"name":"Accueil","item":"https:\/\/www.ellesaussi.org\/"},{"@type":"ListItem","position":2,"name":"Femmes et pouvoir. Une d\u00e9mocratie f\u00e9ministe est-elle possible ?"}]},{"@type":"WebSite","@id":"https:\/\/www.ellesaussi.org\/#website","url":"https:\/\/www.ellesaussi.org\/","name":"Elles Aussi","description":"","publisher":{"@id":"https:\/\/www.ellesaussi.org\/#organization"},"potentialAction":[{"@type":"SearchAction","target":{"@type":"EntryPoint","urlTemplate":"https:\/\/www.ellesaussi.org\/?s={search_term_string}"},"query-input":"required name=search_term_string"}],"inLanguage":"fr-FR"},{"@type":"Organization","@id":"https:\/\/www.ellesaussi.org\/#organization","name":"Elles Aussi","url":"https:\/\/www.ellesaussi.org\/","logo":{"@type":"ImageObject","inLanguage":"fr-FR","@id":"https:\/\/www.ellesaussi.org\/#\/schema\/logo\/image\/","url":"https:\/\/www.ellesaussi.org\/wp-content\/uploads\/2024\/05\/Elles-aussi_logotype_rouge.png","contentUrl":"https:\/\/www.ellesaussi.org\/wp-content\/uploads\/2024\/05\/Elles-aussi_logotype_rouge.png","width":3472,"height":2480,"caption":"Elles Aussi"},"image":{"@id":"https:\/\/www.ellesaussi.org\/#\/schema\/logo\/image\/"},"sameAs":["https:\/\/www.facebook.com\/ellesaussi\/"]},{"@type":"Person","@id":"https:\/\/www.ellesaussi.org\/#\/schema\/person\/eeca4be50db30b5dbb39f78fc3364160","name":"admin","image":{"@type":"ImageObject","inLanguage":"fr-FR","@id":"https:\/\/www.ellesaussi.org\/#\/schema\/person\/image\/","url":"https:\/\/secure.gravatar.com\/avatar\/62da4937aa6d6b509192861c0b966204a1b742b2814f6387fa08fe6c98a8729c?s=96&d=mm&r=g","contentUrl":"https:\/\/secure.gravatar.com\/avatar\/62da4937aa6d6b509192861c0b966204a1b742b2814f6387fa08fe6c98a8729c?s=96&d=mm&r=g","caption":"admin"},"sameAs":["https:\/\/elles129186.webdb78.lwspanel.com"],"url":"https:\/\/www.ellesaussi.org\/?author=1"}]}},"_links":{"self":[{"href":"https:\/\/www.ellesaussi.org\/index.php?rest_route=\/wp\/v2\/posts\/1332","targetHints":{"allow":["GET"]}}],"collection":[{"href":"https:\/\/www.ellesaussi.org\/index.php?rest_route=\/wp\/v2\/posts"}],"about":[{"href":"https:\/\/www.ellesaussi.org\/index.php?rest_route=\/wp\/v2\/types\/post"}],"author":[{"embeddable":true,"href":"https:\/\/www.ellesaussi.org\/index.php?rest_route=\/wp\/v2\/users\/1"}],"replies":[{"embeddable":true,"href":"https:\/\/www.ellesaussi.org\/index.php?rest_route=%2Fwp%2Fv2%2Fcomments&post=1332"}],"version-history":[{"count":4,"href":"https:\/\/www.ellesaussi.org\/index.php?rest_route=\/wp\/v2\/posts\/1332\/revisions"}],"predecessor-version":[{"id":1337,"href":"https:\/\/www.ellesaussi.org\/index.php?rest_route=\/wp\/v2\/posts\/1332\/revisions\/1337"}],"wp:featuredmedia":[{"embeddable":true,"href":"https:\/\/www.ellesaussi.org\/index.php?rest_route=\/wp\/v2\/media\/1333"}],"wp:attachment":[{"href":"https:\/\/www.ellesaussi.org\/index.php?rest_route=%2Fwp%2Fv2%2Fmedia&parent=1332"}],"wp:term":[{"taxonomy":"category","embeddable":true,"href":"https:\/\/www.ellesaussi.org\/index.php?rest_route=%2Fwp%2Fv2%2Fcategories&post=1332"},{"taxonomy":"post_tag","embeddable":true,"href":"https:\/\/www.ellesaussi.org\/index.php?rest_route=%2Fwp%2Fv2%2Ftags&post=1332"}],"curies":[{"name":"wp","href":"https:\/\/api.w.org\/{rel}","templated":true}]}}