{"id":1294,"date":"2024-03-04T16:01:00","date_gmt":"2024-03-04T15:01:00","guid":{"rendered":"https:\/\/elles129186.webdb78.lwspanel.com\/?p=1294"},"modified":"2024-10-17T16:03:57","modified_gmt":"2024-10-17T14:03:57","slug":"alerte-citoyenne-et-appel-a-defendre-la-loi-de-2014-sur-le-non-cumul-des-mandats-de-parlementaires","status":"publish","type":"post","link":"https:\/\/www.ellesaussi.org\/?p=1294","title":{"rendered":"Alerte citoyenne et appel \u00e0 d\u00e9fendre la loi de 2014 sur le non-cumul des mandats de parlementaires"},"content":{"rendered":"\t\t<div data-elementor-type=\"wp-post\" data-elementor-id=\"1294\" class=\"elementor elementor-1294\" data-elementor-post-type=\"post\">\n\t\t\t\t<div class=\"elementor-element elementor-element-324d5cf e-flex e-con-boxed e-con e-parent\" data-id=\"324d5cf\" data-element_type=\"container\">\n\t\t\t\t\t<div class=\"e-con-inner\">\n\t\t\t\t<div class=\"elementor-element elementor-element-a010c17 elementor-widget elementor-widget-text-editor\" data-id=\"a010c17\" data-element_type=\"widget\" data-widget_type=\"text-editor.default\">\n\t\t\t\t<div class=\"elementor-widget-container\">\n\t\t\t\t\t\t\t<p><span style=\"color: #f15b43;\"><strong>Non au retour du cumul des mandats !<\/strong><\/span><\/p><p>Le 14 mars 2024, le parti Horizons d\u2019Edouard Philippe pr\u00e9sentera une proposition de loi\u00a0 \u00e0 l\u2019Assembl\u00e9e nationale, visant \u00e0 autoriser \u00e0 nouveau le cumul d\u2019un mandat parlementaire et d\u2019un mandat ex\u00e9cutif local\u00a0 (Mandat d\u2019adjoint.e, de vice-pr\u00e9sidence d\u2019EPCI, de Conseil d\u00e9partemental, et r\u00e9gional).\u00a0 Cette proposition de loi remet en cause la loi instaur\u00e9e en 2014.<\/p><p>Elles aussi fait remarquer que l\u2019opinion publique est largement oppos\u00e9e au cumul des mandats.\u00a0<\/p><p><strong><span style=\"color: #f15b43;\">Quel est l\u2019argument fallacieux derri\u00e8re cette proposition de loi ?<\/span><\/strong><\/p><p>Il s\u2019agirait de retrouver un double ancrage national et local pour \u00ab combler le d\u00e9ficit de proximit\u00e9 entre les \u00e9lus nationaux et leurs \u00e9lecteurs et renforcer l\u2019ancrage territorial \u00bb.<\/p><p>Elles aussi r\u00e9fute cet argument. L\u2019ancrage local peut se r\u00e9aliser tout aussi efficacement avec une permanence locale soutenue, et\/ou avec un mandat local hors ex\u00e9cutif. \u00a0<\/p><p>Qui peut d\u00e9montrer qu\u2019un cumulard est un meilleur l\u00e9gislateur ? De nombreux parlementaires ont montr\u00e9 qu\u2019on pouvait n\u2019\u00eatre que l\u00e9gislateur sans \u00eatre coup\u00e9 des r\u00e9alit\u00e9s locales ! Il s\u2019agit d\u2019accepter le partage du pouvoir et l\u2019ouverture des mandats locaux \u00e0 un plus grand nombre de t\u00eates nouvelles. Notre d\u00e9mocratie a besoin de participation citoyenne et de repr\u00e9sentants politiques locaux disponibles, pour r\u00e9pondre avec plus d\u2019efficacit\u00e9 aux besoins de proximit\u00e9.<\/p><p><strong><span style=\"color: #f15b43;\">Pourquoi refuser cette proposition de loi ?<\/span><\/strong><\/p><p>Apr\u00e8s les \u00e9lections de 2012, 45% des d\u00e9put\u00e9.es et 48% des s\u00e9nateurs et s\u00e9natrices \u00e9taient \u00e0 la t\u00eate d\u2019un ex\u00e9cutif local. Les hommes constituaient 80% des situations de cumul et cumulaient \u00e0 des postes de plus fortes responsabilit\u00e9s (maires et pr\u00e9sidents) &#8211; (communiqu\u00e9 du HCE du 2 avril 2013).<\/p><p>Les effets n\u00e9gatifs sont connus : absent\u00e9isme, d\u00e9sinvestissement dans la fonction ex\u00e9cutive, absence de renouvellement des \u00e9lu.es, frein \u00e0 la parit\u00e9, client\u00e9lisme, d\u00e9bats parlementaires pris comme une caisse de r\u00e9sonance pour des probl\u00e8mes locaux sp\u00e9cifiques. Le retour au cumul des mandats servirait avant tout \u00e0 restreindre le partage des pouvoirs et remettre en cause une gouvernance plus horizontale.<\/p><p>La loi du 14 f\u00e9vrier 2014, interdit de cumuler un mandat de parlementaire national ou europ\u00e9en avec une fonction ex\u00e9cutive locale, (pr\u00e9sidence ou vice-pr\u00e9sidence d\u2019un conseil r\u00e9gional ou d\u00e9partemental ou d\u2019une intercommunalit\u00e9, maire ou adjoint.e au maire). Mais toutefois rien n\u2019emp\u00eache de cumuler un mandat parlementaire avec un mandat local hors ex\u00e9cutif (dans conseil municipal, communautaire, d\u00e9partemental, r\u00e9gional). Son application depuis 2017 a permis un renouveau par les fonctions lib\u00e9r\u00e9es.\u00a0 Elle a favoris\u00e9 l\u2019ouverture \u00e0 des fonctions \u00e9lectives et de responsabilit\u00e9s \u00e0 davantage de cat\u00e9gories socioprofessionnelles, de jeunes et de femmes.<\/p><p>Elles aussi tient \u00e0 affirmer l\u2019attachement au non-cumul des mandats entre les fonctions de parlementaires et toutes les fonctions ex\u00e9cutives locales.\u00a0<\/p><p>Elles aussi affirme aussi que le cumul dans le temps d\u2019un m\u00eame mandat est \u00e0 \u00e9tudier\u00a0<\/p><p>Ne soyons pas \u00e0 rebours de l\u2019histoire ! Le non-cumul des mandats est une voie pour affirmer la\u00a0 l\u00e9gitimit\u00e9 des \u00e9lu.es, et faire grandir notre d\u00e9mocratie dans l\u2019\u00e9coute et la participation de toutes et tous.<\/p><p><strong><span style=\"color: #f15b43;\">Elles aussi appelle \u00e0 voter contre cette proposition de loi<\/span><\/strong><\/p><p>Contact : Les co-pr\u00e9sidentes,\u00a0 V\u00e9ronique Genelle (06 74 63 62 68) et Reine L\u00e9pinay (06 14 21 71 67)\u00a0<\/p>\t\t\t\t\t\t<\/div>\n\t\t\t\t<\/div>\n\t\t\t\t\t<\/div>\n\t\t\t\t<\/div>\n\t\t\t\t<\/div>\n\t\t","protected":false},"excerpt":{"rendered":"<p>Non au retour du cumul des mandats ! Le 14 mars 2024, le parti Horizons d\u2019Edouard Philippe pr\u00e9sentera une proposition de loi\u00a0 \u00e0 l\u2019Assembl\u00e9e nationale, visant \u00e0 autoriser \u00e0 nouveau le cumul d\u2019un mandat parlementaire et d\u2019un mandat ex\u00e9cutif local\u00a0 (Mandat d\u2019adjoint.e, de vice-pr\u00e9sidence d\u2019EPCI, de Conseil d\u00e9partemental, et r\u00e9gional).\u00a0 Cette proposition de loi remet [&hellip;]<\/p>\n","protected":false},"author":1,"featured_media":683,"comment_status":"closed","ping_status":"closed","sticky":false,"template":"","format":"standard","meta":{"footnotes":""},"categories":[38],"tags":[],"class_list":["post-1294","post","type-post","status-publish","format-standard","has-post-thumbnail","hentry","category-chronique-de-la-parite"],"yoast_head":"<!-- This site is optimized with the Yoast SEO plugin v22.8 - https:\/\/yoast.com\/wordpress\/plugins\/seo\/ -->\n<title>Alerte citoyenne et appel \u00e0 d\u00e9fendre la loi de 2014 sur le non-cumul des mandats de parlementaires - Elles Aussi<\/title>\n<meta name=\"robots\" content=\"index, follow, max-snippet:-1, max-image-preview:large, max-video-preview:-1\" \/>\n<link rel=\"canonical\" href=\"https:\/\/www.ellesaussi.org\/?p=1294\" \/>\n<meta property=\"og:locale\" content=\"fr_FR\" \/>\n<meta property=\"og:type\" content=\"article\" \/>\n<meta property=\"og:title\" content=\"Alerte citoyenne et appel \u00e0 d\u00e9fendre la loi de 2014 sur le non-cumul des mandats de parlementaires - Elles Aussi\" \/>\n<meta property=\"og:description\" content=\"Non au retour du cumul des mandats ! Le 14 mars 2024, le parti Horizons d\u2019Edouard Philippe pr\u00e9sentera une proposition de loi\u00a0 \u00e0 l\u2019Assembl\u00e9e nationale, visant \u00e0 autoriser \u00e0 nouveau le cumul d\u2019un mandat parlementaire et d\u2019un mandat ex\u00e9cutif local\u00a0 (Mandat d\u2019adjoint.e, de vice-pr\u00e9sidence d\u2019EPCI, de Conseil d\u00e9partemental, et r\u00e9gional).\u00a0 Cette proposition de loi remet [&hellip;]\" \/>\n<meta property=\"og:url\" content=\"https:\/\/www.ellesaussi.org\/?p=1294\" \/>\n<meta property=\"og:site_name\" content=\"Elles Aussi\" \/>\n<meta property=\"article:publisher\" content=\"https:\/\/www.facebook.com\/ellesaussi\/\" \/>\n<meta property=\"article:published_time\" content=\"2024-03-04T15:01:00+00:00\" \/>\n<meta property=\"article:modified_time\" content=\"2024-10-17T14:03:57+00:00\" \/>\n<meta property=\"og:image\" content=\"https:\/\/www.ellesaussi.org\/wp-content\/uploads\/2024\/10\/appel-du-18-juin-2024-Elles-aussi.jpg\" \/>\n\t<meta property=\"og:image:width\" content=\"200\" \/>\n\t<meta property=\"og:image:height\" content=\"144\" \/>\n\t<meta property=\"og:image:type\" content=\"image\/jpeg\" \/>\n<meta name=\"author\" content=\"admin\" \/>\n<meta name=\"twitter:card\" content=\"summary_large_image\" \/>\n<meta name=\"twitter:label1\" content=\"\u00c9crit par\" \/>\n\t<meta name=\"twitter:data1\" content=\"admin\" \/>\n\t<meta name=\"twitter:label2\" content=\"Dur\u00e9e de lecture estim\u00e9e\" \/>\n\t<meta name=\"twitter:data2\" content=\"3 minutes\" \/>\n<script type=\"application\/ld+json\" class=\"yoast-schema-graph\">{\"@context\":\"https:\/\/schema.org\",\"@graph\":[{\"@type\":\"Article\",\"@id\":\"https:\/\/www.ellesaussi.org\/?p=1294#article\",\"isPartOf\":{\"@id\":\"https:\/\/www.ellesaussi.org\/?p=1294\"},\"author\":{\"name\":\"admin\",\"@id\":\"https:\/\/www.ellesaussi.org\/#\/schema\/person\/eeca4be50db30b5dbb39f78fc3364160\"},\"headline\":\"Alerte citoyenne et appel \u00e0 d\u00e9fendre la loi de 2014 sur le non-cumul des mandats de parlementaires\",\"datePublished\":\"2024-03-04T15:01:00+00:00\",\"dateModified\":\"2024-10-17T14:03:57+00:00\",\"mainEntityOfPage\":{\"@id\":\"https:\/\/www.ellesaussi.org\/?p=1294\"},\"wordCount\":579,\"publisher\":{\"@id\":\"https:\/\/www.ellesaussi.org\/#organization\"},\"image\":{\"@id\":\"https:\/\/www.ellesaussi.org\/?p=1294#primaryimage\"},\"thumbnailUrl\":\"https:\/\/www.ellesaussi.org\/wp-content\/uploads\/2024\/10\/appel-du-18-juin-2024-Elles-aussi.jpg\",\"articleSection\":[\"Chronique de la parit\u00e9\"],\"inLanguage\":\"fr-FR\"},{\"@type\":\"WebPage\",\"@id\":\"https:\/\/www.ellesaussi.org\/?p=1294\",\"url\":\"https:\/\/www.ellesaussi.org\/?p=1294\",\"name\":\"Alerte citoyenne et appel \u00e0 d\u00e9fendre la loi de 2014 sur le non-cumul des mandats de parlementaires - Elles Aussi\",\"isPartOf\":{\"@id\":\"https:\/\/www.ellesaussi.org\/#website\"},\"primaryImageOfPage\":{\"@id\":\"https:\/\/www.ellesaussi.org\/?p=1294#primaryimage\"},\"image\":{\"@id\":\"https:\/\/www.ellesaussi.org\/?p=1294#primaryimage\"},\"thumbnailUrl\":\"https:\/\/www.ellesaussi.org\/wp-content\/uploads\/2024\/10\/appel-du-18-juin-2024-Elles-aussi.jpg\",\"datePublished\":\"2024-03-04T15:01:00+00:00\",\"dateModified\":\"2024-10-17T14:03:57+00:00\",\"breadcrumb\":{\"@id\":\"https:\/\/www.ellesaussi.org\/?p=1294#breadcrumb\"},\"inLanguage\":\"fr-FR\",\"potentialAction\":[{\"@type\":\"ReadAction\",\"target\":[\"https:\/\/www.ellesaussi.org\/?p=1294\"]}]},{\"@type\":\"ImageObject\",\"inLanguage\":\"fr-FR\",\"@id\":\"https:\/\/www.ellesaussi.org\/?p=1294#primaryimage\",\"url\":\"https:\/\/www.ellesaussi.org\/wp-content\/uploads\/2024\/10\/appel-du-18-juin-2024-Elles-aussi.jpg\",\"contentUrl\":\"https:\/\/www.ellesaussi.org\/wp-content\/uploads\/2024\/10\/appel-du-18-juin-2024-Elles-aussi.jpg\",\"width\":200,\"height\":144},{\"@type\":\"BreadcrumbList\",\"@id\":\"https:\/\/www.ellesaussi.org\/?p=1294#breadcrumb\",\"itemListElement\":[{\"@type\":\"ListItem\",\"position\":1,\"name\":\"Accueil\",\"item\":\"https:\/\/www.ellesaussi.org\/\"},{\"@type\":\"ListItem\",\"position\":2,\"name\":\"Alerte citoyenne et appel \u00e0 d\u00e9fendre la loi de 2014 sur le non-cumul des mandats de parlementaires\"}]},{\"@type\":\"WebSite\",\"@id\":\"https:\/\/www.ellesaussi.org\/#website\",\"url\":\"https:\/\/www.ellesaussi.org\/\",\"name\":\"Elles Aussi\",\"description\":\"\",\"publisher\":{\"@id\":\"https:\/\/www.ellesaussi.org\/#organization\"},\"potentialAction\":[{\"@type\":\"SearchAction\",\"target\":{\"@type\":\"EntryPoint\",\"urlTemplate\":\"https:\/\/www.ellesaussi.org\/?s={search_term_string}\"},\"query-input\":\"required name=search_term_string\"}],\"inLanguage\":\"fr-FR\"},{\"@type\":\"Organization\",\"@id\":\"https:\/\/www.ellesaussi.org\/#organization\",\"name\":\"Elles Aussi\",\"url\":\"https:\/\/www.ellesaussi.org\/\",\"logo\":{\"@type\":\"ImageObject\",\"inLanguage\":\"fr-FR\",\"@id\":\"https:\/\/www.ellesaussi.org\/#\/schema\/logo\/image\/\",\"url\":\"https:\/\/www.ellesaussi.org\/wp-content\/uploads\/2024\/05\/Elles-aussi_logotype_rouge.png\",\"contentUrl\":\"https:\/\/www.ellesaussi.org\/wp-content\/uploads\/2024\/05\/Elles-aussi_logotype_rouge.png\",\"width\":3472,\"height\":2480,\"caption\":\"Elles Aussi\"},\"image\":{\"@id\":\"https:\/\/www.ellesaussi.org\/#\/schema\/logo\/image\/\"},\"sameAs\":[\"https:\/\/www.facebook.com\/ellesaussi\/\"]},{\"@type\":\"Person\",\"@id\":\"https:\/\/www.ellesaussi.org\/#\/schema\/person\/eeca4be50db30b5dbb39f78fc3364160\",\"name\":\"admin\",\"image\":{\"@type\":\"ImageObject\",\"inLanguage\":\"fr-FR\",\"@id\":\"https:\/\/www.ellesaussi.org\/#\/schema\/person\/image\/\",\"url\":\"https:\/\/secure.gravatar.com\/avatar\/62da4937aa6d6b509192861c0b966204a1b742b2814f6387fa08fe6c98a8729c?s=96&d=mm&r=g\",\"contentUrl\":\"https:\/\/secure.gravatar.com\/avatar\/62da4937aa6d6b509192861c0b966204a1b742b2814f6387fa08fe6c98a8729c?s=96&d=mm&r=g\",\"caption\":\"admin\"},\"sameAs\":[\"https:\/\/elles129186.webdb78.lwspanel.com\"],\"url\":\"https:\/\/www.ellesaussi.org\/?author=1\"}]}<\/script>\n<!-- \/ Yoast SEO plugin. -->","yoast_head_json":{"title":"Alerte citoyenne et appel \u00e0 d\u00e9fendre la loi de 2014 sur le non-cumul des mandats de parlementaires - Elles Aussi","robots":{"index":"index","follow":"follow","max-snippet":"max-snippet:-1","max-image-preview":"max-image-preview:large","max-video-preview":"max-video-preview:-1"},"canonical":"https:\/\/www.ellesaussi.org\/?p=1294","og_locale":"fr_FR","og_type":"article","og_title":"Alerte citoyenne et appel \u00e0 d\u00e9fendre la loi de 2014 sur le non-cumul des mandats de parlementaires - Elles Aussi","og_description":"Non au retour du cumul des mandats ! Le 14 mars 2024, le parti Horizons d\u2019Edouard Philippe pr\u00e9sentera une proposition de loi\u00a0 \u00e0 l\u2019Assembl\u00e9e nationale, visant \u00e0 autoriser \u00e0 nouveau le cumul d\u2019un mandat parlementaire et d\u2019un mandat ex\u00e9cutif local\u00a0 (Mandat d\u2019adjoint.e, de vice-pr\u00e9sidence d\u2019EPCI, de Conseil d\u00e9partemental, et r\u00e9gional).\u00a0 Cette proposition de loi remet [&hellip;]","og_url":"https:\/\/www.ellesaussi.org\/?p=1294","og_site_name":"Elles Aussi","article_publisher":"https:\/\/www.facebook.com\/ellesaussi\/","article_published_time":"2024-03-04T15:01:00+00:00","article_modified_time":"2024-10-17T14:03:57+00:00","og_image":[{"width":200,"height":144,"url":"https:\/\/www.ellesaussi.org\/wp-content\/uploads\/2024\/10\/appel-du-18-juin-2024-Elles-aussi.jpg","type":"image\/jpeg"}],"author":"admin","twitter_card":"summary_large_image","twitter_misc":{"\u00c9crit par":"admin","Dur\u00e9e de lecture estim\u00e9e":"3 minutes"},"schema":{"@context":"https:\/\/schema.org","@graph":[{"@type":"Article","@id":"https:\/\/www.ellesaussi.org\/?p=1294#article","isPartOf":{"@id":"https:\/\/www.ellesaussi.org\/?p=1294"},"author":{"name":"admin","@id":"https:\/\/www.ellesaussi.org\/#\/schema\/person\/eeca4be50db30b5dbb39f78fc3364160"},"headline":"Alerte citoyenne et appel \u00e0 d\u00e9fendre la loi de 2014 sur le non-cumul des mandats de parlementaires","datePublished":"2024-03-04T15:01:00+00:00","dateModified":"2024-10-17T14:03:57+00:00","mainEntityOfPage":{"@id":"https:\/\/www.ellesaussi.org\/?p=1294"},"wordCount":579,"publisher":{"@id":"https:\/\/www.ellesaussi.org\/#organization"},"image":{"@id":"https:\/\/www.ellesaussi.org\/?p=1294#primaryimage"},"thumbnailUrl":"https:\/\/www.ellesaussi.org\/wp-content\/uploads\/2024\/10\/appel-du-18-juin-2024-Elles-aussi.jpg","articleSection":["Chronique de la parit\u00e9"],"inLanguage":"fr-FR"},{"@type":"WebPage","@id":"https:\/\/www.ellesaussi.org\/?p=1294","url":"https:\/\/www.ellesaussi.org\/?p=1294","name":"Alerte citoyenne et appel \u00e0 d\u00e9fendre la loi de 2014 sur le non-cumul des mandats de parlementaires - Elles Aussi","isPartOf":{"@id":"https:\/\/www.ellesaussi.org\/#website"},"primaryImageOfPage":{"@id":"https:\/\/www.ellesaussi.org\/?p=1294#primaryimage"},"image":{"@id":"https:\/\/www.ellesaussi.org\/?p=1294#primaryimage"},"thumbnailUrl":"https:\/\/www.ellesaussi.org\/wp-content\/uploads\/2024\/10\/appel-du-18-juin-2024-Elles-aussi.jpg","datePublished":"2024-03-04T15:01:00+00:00","dateModified":"2024-10-17T14:03:57+00:00","breadcrumb":{"@id":"https:\/\/www.ellesaussi.org\/?p=1294#breadcrumb"},"inLanguage":"fr-FR","potentialAction":[{"@type":"ReadAction","target":["https:\/\/www.ellesaussi.org\/?p=1294"]}]},{"@type":"ImageObject","inLanguage":"fr-FR","@id":"https:\/\/www.ellesaussi.org\/?p=1294#primaryimage","url":"https:\/\/www.ellesaussi.org\/wp-content\/uploads\/2024\/10\/appel-du-18-juin-2024-Elles-aussi.jpg","contentUrl":"https:\/\/www.ellesaussi.org\/wp-content\/uploads\/2024\/10\/appel-du-18-juin-2024-Elles-aussi.jpg","width":200,"height":144},{"@type":"BreadcrumbList","@id":"https:\/\/www.ellesaussi.org\/?p=1294#breadcrumb","itemListElement":[{"@type":"ListItem","position":1,"name":"Accueil","item":"https:\/\/www.ellesaussi.org\/"},{"@type":"ListItem","position":2,"name":"Alerte citoyenne et appel \u00e0 d\u00e9fendre la loi de 2014 sur le non-cumul des mandats de parlementaires"}]},{"@type":"WebSite","@id":"https:\/\/www.ellesaussi.org\/#website","url":"https:\/\/www.ellesaussi.org\/","name":"Elles Aussi","description":"","publisher":{"@id":"https:\/\/www.ellesaussi.org\/#organization"},"potentialAction":[{"@type":"SearchAction","target":{"@type":"EntryPoint","urlTemplate":"https:\/\/www.ellesaussi.org\/?s={search_term_string}"},"query-input":"required name=search_term_string"}],"inLanguage":"fr-FR"},{"@type":"Organization","@id":"https:\/\/www.ellesaussi.org\/#organization","name":"Elles Aussi","url":"https:\/\/www.ellesaussi.org\/","logo":{"@type":"ImageObject","inLanguage":"fr-FR","@id":"https:\/\/www.ellesaussi.org\/#\/schema\/logo\/image\/","url":"https:\/\/www.ellesaussi.org\/wp-content\/uploads\/2024\/05\/Elles-aussi_logotype_rouge.png","contentUrl":"https:\/\/www.ellesaussi.org\/wp-content\/uploads\/2024\/05\/Elles-aussi_logotype_rouge.png","width":3472,"height":2480,"caption":"Elles Aussi"},"image":{"@id":"https:\/\/www.ellesaussi.org\/#\/schema\/logo\/image\/"},"sameAs":["https:\/\/www.facebook.com\/ellesaussi\/"]},{"@type":"Person","@id":"https:\/\/www.ellesaussi.org\/#\/schema\/person\/eeca4be50db30b5dbb39f78fc3364160","name":"admin","image":{"@type":"ImageObject","inLanguage":"fr-FR","@id":"https:\/\/www.ellesaussi.org\/#\/schema\/person\/image\/","url":"https:\/\/secure.gravatar.com\/avatar\/62da4937aa6d6b509192861c0b966204a1b742b2814f6387fa08fe6c98a8729c?s=96&d=mm&r=g","contentUrl":"https:\/\/secure.gravatar.com\/avatar\/62da4937aa6d6b509192861c0b966204a1b742b2814f6387fa08fe6c98a8729c?s=96&d=mm&r=g","caption":"admin"},"sameAs":["https:\/\/elles129186.webdb78.lwspanel.com"],"url":"https:\/\/www.ellesaussi.org\/?author=1"}]}},"_links":{"self":[{"href":"https:\/\/www.ellesaussi.org\/index.php?rest_route=\/wp\/v2\/posts\/1294","targetHints":{"allow":["GET"]}}],"collection":[{"href":"https:\/\/www.ellesaussi.org\/index.php?rest_route=\/wp\/v2\/posts"}],"about":[{"href":"https:\/\/www.ellesaussi.org\/index.php?rest_route=\/wp\/v2\/types\/post"}],"author":[{"embeddable":true,"href":"https:\/\/www.ellesaussi.org\/index.php?rest_route=\/wp\/v2\/users\/1"}],"replies":[{"embeddable":true,"href":"https:\/\/www.ellesaussi.org\/index.php?rest_route=%2Fwp%2Fv2%2Fcomments&post=1294"}],"version-history":[{"count":4,"href":"https:\/\/www.ellesaussi.org\/index.php?rest_route=\/wp\/v2\/posts\/1294\/revisions"}],"predecessor-version":[{"id":1298,"href":"https:\/\/www.ellesaussi.org\/index.php?rest_route=\/wp\/v2\/posts\/1294\/revisions\/1298"}],"wp:featuredmedia":[{"embeddable":true,"href":"https:\/\/www.ellesaussi.org\/index.php?rest_route=\/wp\/v2\/media\/683"}],"wp:attachment":[{"href":"https:\/\/www.ellesaussi.org\/index.php?rest_route=%2Fwp%2Fv2%2Fmedia&parent=1294"}],"wp:term":[{"taxonomy":"category","embeddable":true,"href":"https:\/\/www.ellesaussi.org\/index.php?rest_route=%2Fwp%2Fv2%2Fcategories&post=1294"},{"taxonomy":"post_tag","embeddable":true,"href":"https:\/\/www.ellesaussi.org\/index.php?rest_route=%2Fwp%2Fv2%2Ftags&post=1294"}],"curies":[{"name":"wp","href":"https:\/\/api.w.org\/{rel}","templated":true}]}}