{"id":1264,"date":"2018-09-26T15:49:00","date_gmt":"2018-09-26T13:49:00","guid":{"rendered":"https:\/\/elles129186.webdb78.lwspanel.com\/?p=1264"},"modified":"2024-10-17T15:51:03","modified_gmt":"2024-10-17T13:51:03","slug":"delegation-aux-droits-des-femmes-mme-reine-lepinay-et-mme-daniele-bouchoule","status":"publish","type":"post","link":"https:\/\/www.ellesaussi.org\/?p=1264","title":{"rendered":"D\u00e9l\u00e9gation aux droits des femmes : Mme Reine Lepinay et Mme Dani\u00e8le Bouchoule"},"content":{"rendered":"\t\t<div data-elementor-type=\"wp-post\" data-elementor-id=\"1264\" class=\"elementor elementor-1264\" data-elementor-post-type=\"post\">\n\t\t\t\t<div class=\"elementor-element elementor-element-c3b7085 e-flex e-con-boxed e-con e-parent\" data-id=\"c3b7085\" data-element_type=\"container\">\n\t\t\t\t\t<div class=\"e-con-inner\">\n\t\t\t\t<div class=\"elementor-element elementor-element-af1cfea elementor-widget elementor-widget-text-editor\" data-id=\"af1cfea\" data-element_type=\"widget\" data-widget_type=\"text-editor.default\">\n\t\t\t\t<div class=\"elementor-widget-container\">\n\t\t\t\t\t\t\t<p>26 septembre 2018 :\u00a026 septembre 2018 : audition \u00e0 l\u2019Assembl\u00e9e nationale de Reine Lepinay et de Dani\u00e8le Bouchoule, co-pr\u00e9sidentes d\u2019Elles aussi sur la parit\u00e9 dans les ex\u00e9cutifs locaux.<\/p>\t\t\t\t\t\t<\/div>\n\t\t\t\t<\/div>\n\t\t\t\t<div class=\"elementor-element elementor-element-0677ccc elementor-widget elementor-widget-button\" data-id=\"0677ccc\" data-element_type=\"widget\" data-widget_type=\"button.default\">\n\t\t\t\t<div class=\"elementor-widget-container\">\n\t\t\t\t\t<div class=\"elementor-button-wrapper\">\n\t\t\t<a class=\"elementor-button elementor-button-link elementor-size-sm\" href=\"http:\/\/videos.assemblee-nationale.fr\/video.6639715_5babab57304d3.delegation-aux-droits-des-femmes--mme-reine-lepinay-et-mme-daniele-bouchoule-co-pdtes-de-elles-aus-26-septembre-2018\" target=\"_blank\">\n\t\t\t\t\t\t<span class=\"elementor-button-content-wrapper\">\n\t\t\t\t\t\t\t\t\t<span class=\"elementor-button-text\">Voir la vid\u00e9o<\/span>\n\t\t\t\t\t<\/span>\n\t\t\t\t\t<\/a>\n\t\t<\/div>\n\t\t\t\t<\/div>\n\t\t\t\t<\/div>\n\t\t\t\t\t<\/div>\n\t\t\t\t<\/div>\n\t\t\t\t<\/div>\n\t\t","protected":false},"excerpt":{"rendered":"<p>26 septembre 2018 :\u00a026 septembre 2018 : audition \u00e0 l\u2019Assembl\u00e9e nationale de Reine Lepinay et de Dani\u00e8le Bouchoule, co-pr\u00e9sidentes d\u2019Elles aussi sur la parit\u00e9 dans les ex\u00e9cutifs locaux. Voir la vid\u00e9o<\/p>\n","protected":false},"author":1,"featured_media":683,"comment_status":"closed","ping_status":"closed","sticky":false,"template":"","format":"standard","meta":{"footnotes":""},"categories":[39],"tags":[],"class_list":["post-1264","post","type-post","status-publish","format-standard","has-post-thumbnail","hentry","category-auditions"],"yoast_head":"<!-- This site is optimized with the Yoast SEO plugin v22.8 - https:\/\/yoast.com\/wordpress\/plugins\/seo\/ -->\n<title>D\u00e9l\u00e9gation aux droits des femmes : Mme Reine Lepinay et Mme Dani\u00e8le Bouchoule - Elles Aussi<\/title>\n<meta name=\"robots\" content=\"index, follow, max-snippet:-1, max-image-preview:large, max-video-preview:-1\" \/>\n<link rel=\"canonical\" href=\"https:\/\/www.ellesaussi.org\/?p=1264\" \/>\n<meta property=\"og:locale\" content=\"fr_FR\" \/>\n<meta property=\"og:type\" content=\"article\" \/>\n<meta property=\"og:title\" content=\"D\u00e9l\u00e9gation aux droits des femmes : Mme Reine Lepinay et Mme Dani\u00e8le Bouchoule - Elles Aussi\" \/>\n<meta property=\"og:description\" content=\"26 septembre 2018 :\u00a026 septembre 2018 : audition \u00e0 l\u2019Assembl\u00e9e nationale de Reine Lepinay et de Dani\u00e8le Bouchoule, co-pr\u00e9sidentes d\u2019Elles aussi sur la parit\u00e9 dans les ex\u00e9cutifs locaux. Voir la vid\u00e9o\" \/>\n<meta property=\"og:url\" content=\"https:\/\/www.ellesaussi.org\/?p=1264\" \/>\n<meta property=\"og:site_name\" content=\"Elles Aussi\" \/>\n<meta property=\"article:publisher\" content=\"https:\/\/www.facebook.com\/ellesaussi\/\" \/>\n<meta property=\"article:published_time\" content=\"2018-09-26T13:49:00+00:00\" \/>\n<meta property=\"article:modified_time\" content=\"2024-10-17T13:51:03+00:00\" \/>\n<meta property=\"og:image\" content=\"https:\/\/www.ellesaussi.org\/wp-content\/uploads\/2024\/10\/appel-du-18-juin-2024-Elles-aussi.jpg\" \/>\n\t<meta property=\"og:image:width\" content=\"200\" \/>\n\t<meta property=\"og:image:height\" content=\"144\" \/>\n\t<meta property=\"og:image:type\" content=\"image\/jpeg\" \/>\n<meta name=\"author\" content=\"admin\" \/>\n<meta name=\"twitter:card\" content=\"summary_large_image\" \/>\n<meta name=\"twitter:label1\" content=\"\u00c9crit par\" \/>\n\t<meta name=\"twitter:data1\" content=\"admin\" \/>\n\t<meta name=\"twitter:label2\" content=\"Dur\u00e9e de lecture estim\u00e9e\" \/>\n\t<meta name=\"twitter:data2\" content=\"1 minute\" \/>\n<script type=\"application\/ld+json\" class=\"yoast-schema-graph\">{\"@context\":\"https:\/\/schema.org\",\"@graph\":[{\"@type\":\"Article\",\"@id\":\"https:\/\/www.ellesaussi.org\/?p=1264#article\",\"isPartOf\":{\"@id\":\"https:\/\/www.ellesaussi.org\/?p=1264\"},\"author\":{\"name\":\"admin\",\"@id\":\"https:\/\/www.ellesaussi.org\/#\/schema\/person\/eeca4be50db30b5dbb39f78fc3364160\"},\"headline\":\"D\u00e9l\u00e9gation aux droits des femmes : Mme Reine Lepinay et Mme Dani\u00e8le Bouchoule\",\"datePublished\":\"2018-09-26T13:49:00+00:00\",\"dateModified\":\"2024-10-17T13:51:03+00:00\",\"mainEntityOfPage\":{\"@id\":\"https:\/\/www.ellesaussi.org\/?p=1264\"},\"wordCount\":47,\"publisher\":{\"@id\":\"https:\/\/www.ellesaussi.org\/#organization\"},\"image\":{\"@id\":\"https:\/\/www.ellesaussi.org\/?p=1264#primaryimage\"},\"thumbnailUrl\":\"https:\/\/www.ellesaussi.org\/wp-content\/uploads\/2024\/10\/appel-du-18-juin-2024-Elles-aussi.jpg\",\"articleSection\":[\"Auditions\"],\"inLanguage\":\"fr-FR\"},{\"@type\":\"WebPage\",\"@id\":\"https:\/\/www.ellesaussi.org\/?p=1264\",\"url\":\"https:\/\/www.ellesaussi.org\/?p=1264\",\"name\":\"D\u00e9l\u00e9gation aux droits des femmes : Mme Reine Lepinay et Mme Dani\u00e8le Bouchoule - Elles Aussi\",\"isPartOf\":{\"@id\":\"https:\/\/www.ellesaussi.org\/#website\"},\"primaryImageOfPage\":{\"@id\":\"https:\/\/www.ellesaussi.org\/?p=1264#primaryimage\"},\"image\":{\"@id\":\"https:\/\/www.ellesaussi.org\/?p=1264#primaryimage\"},\"thumbnailUrl\":\"https:\/\/www.ellesaussi.org\/wp-content\/uploads\/2024\/10\/appel-du-18-juin-2024-Elles-aussi.jpg\",\"datePublished\":\"2018-09-26T13:49:00+00:00\",\"dateModified\":\"2024-10-17T13:51:03+00:00\",\"breadcrumb\":{\"@id\":\"https:\/\/www.ellesaussi.org\/?p=1264#breadcrumb\"},\"inLanguage\":\"fr-FR\",\"potentialAction\":[{\"@type\":\"ReadAction\",\"target\":[\"https:\/\/www.ellesaussi.org\/?p=1264\"]}]},{\"@type\":\"ImageObject\",\"inLanguage\":\"fr-FR\",\"@id\":\"https:\/\/www.ellesaussi.org\/?p=1264#primaryimage\",\"url\":\"https:\/\/www.ellesaussi.org\/wp-content\/uploads\/2024\/10\/appel-du-18-juin-2024-Elles-aussi.jpg\",\"contentUrl\":\"https:\/\/www.ellesaussi.org\/wp-content\/uploads\/2024\/10\/appel-du-18-juin-2024-Elles-aussi.jpg\",\"width\":200,\"height\":144},{\"@type\":\"BreadcrumbList\",\"@id\":\"https:\/\/www.ellesaussi.org\/?p=1264#breadcrumb\",\"itemListElement\":[{\"@type\":\"ListItem\",\"position\":1,\"name\":\"Accueil\",\"item\":\"https:\/\/www.ellesaussi.org\/\"},{\"@type\":\"ListItem\",\"position\":2,\"name\":\"D\u00e9l\u00e9gation aux droits des femmes : Mme Reine Lepinay et Mme Dani\u00e8le Bouchoule\"}]},{\"@type\":\"WebSite\",\"@id\":\"https:\/\/www.ellesaussi.org\/#website\",\"url\":\"https:\/\/www.ellesaussi.org\/\",\"name\":\"Elles Aussi\",\"description\":\"\",\"publisher\":{\"@id\":\"https:\/\/www.ellesaussi.org\/#organization\"},\"potentialAction\":[{\"@type\":\"SearchAction\",\"target\":{\"@type\":\"EntryPoint\",\"urlTemplate\":\"https:\/\/www.ellesaussi.org\/?s={search_term_string}\"},\"query-input\":\"required name=search_term_string\"}],\"inLanguage\":\"fr-FR\"},{\"@type\":\"Organization\",\"@id\":\"https:\/\/www.ellesaussi.org\/#organization\",\"name\":\"Elles Aussi\",\"url\":\"https:\/\/www.ellesaussi.org\/\",\"logo\":{\"@type\":\"ImageObject\",\"inLanguage\":\"fr-FR\",\"@id\":\"https:\/\/www.ellesaussi.org\/#\/schema\/logo\/image\/\",\"url\":\"https:\/\/www.ellesaussi.org\/wp-content\/uploads\/2024\/05\/Elles-aussi_logotype_rouge.png\",\"contentUrl\":\"https:\/\/www.ellesaussi.org\/wp-content\/uploads\/2024\/05\/Elles-aussi_logotype_rouge.png\",\"width\":3472,\"height\":2480,\"caption\":\"Elles Aussi\"},\"image\":{\"@id\":\"https:\/\/www.ellesaussi.org\/#\/schema\/logo\/image\/\"},\"sameAs\":[\"https:\/\/www.facebook.com\/ellesaussi\/\"]},{\"@type\":\"Person\",\"@id\":\"https:\/\/www.ellesaussi.org\/#\/schema\/person\/eeca4be50db30b5dbb39f78fc3364160\",\"name\":\"admin\",\"image\":{\"@type\":\"ImageObject\",\"inLanguage\":\"fr-FR\",\"@id\":\"https:\/\/www.ellesaussi.org\/#\/schema\/person\/image\/\",\"url\":\"https:\/\/secure.gravatar.com\/avatar\/62da4937aa6d6b509192861c0b966204a1b742b2814f6387fa08fe6c98a8729c?s=96&d=mm&r=g\",\"contentUrl\":\"https:\/\/secure.gravatar.com\/avatar\/62da4937aa6d6b509192861c0b966204a1b742b2814f6387fa08fe6c98a8729c?s=96&d=mm&r=g\",\"caption\":\"admin\"},\"sameAs\":[\"https:\/\/elles129186.webdb78.lwspanel.com\"],\"url\":\"https:\/\/www.ellesaussi.org\/?author=1\"}]}<\/script>\n<!-- \/ Yoast SEO plugin. -->","yoast_head_json":{"title":"D\u00e9l\u00e9gation aux droits des femmes : Mme Reine Lepinay et Mme Dani\u00e8le Bouchoule - Elles Aussi","robots":{"index":"index","follow":"follow","max-snippet":"max-snippet:-1","max-image-preview":"max-image-preview:large","max-video-preview":"max-video-preview:-1"},"canonical":"https:\/\/www.ellesaussi.org\/?p=1264","og_locale":"fr_FR","og_type":"article","og_title":"D\u00e9l\u00e9gation aux droits des femmes : Mme Reine Lepinay et Mme Dani\u00e8le Bouchoule - Elles Aussi","og_description":"26 septembre 2018 :\u00a026 septembre 2018 : audition \u00e0 l\u2019Assembl\u00e9e nationale de Reine Lepinay et de Dani\u00e8le Bouchoule, co-pr\u00e9sidentes d\u2019Elles aussi sur la parit\u00e9 dans les ex\u00e9cutifs locaux. Voir la vid\u00e9o","og_url":"https:\/\/www.ellesaussi.org\/?p=1264","og_site_name":"Elles Aussi","article_publisher":"https:\/\/www.facebook.com\/ellesaussi\/","article_published_time":"2018-09-26T13:49:00+00:00","article_modified_time":"2024-10-17T13:51:03+00:00","og_image":[{"width":200,"height":144,"url":"https:\/\/www.ellesaussi.org\/wp-content\/uploads\/2024\/10\/appel-du-18-juin-2024-Elles-aussi.jpg","type":"image\/jpeg"}],"author":"admin","twitter_card":"summary_large_image","twitter_misc":{"\u00c9crit par":"admin","Dur\u00e9e de lecture estim\u00e9e":"1 minute"},"schema":{"@context":"https:\/\/schema.org","@graph":[{"@type":"Article","@id":"https:\/\/www.ellesaussi.org\/?p=1264#article","isPartOf":{"@id":"https:\/\/www.ellesaussi.org\/?p=1264"},"author":{"name":"admin","@id":"https:\/\/www.ellesaussi.org\/#\/schema\/person\/eeca4be50db30b5dbb39f78fc3364160"},"headline":"D\u00e9l\u00e9gation aux droits des femmes : Mme Reine Lepinay et Mme Dani\u00e8le Bouchoule","datePublished":"2018-09-26T13:49:00+00:00","dateModified":"2024-10-17T13:51:03+00:00","mainEntityOfPage":{"@id":"https:\/\/www.ellesaussi.org\/?p=1264"},"wordCount":47,"publisher":{"@id":"https:\/\/www.ellesaussi.org\/#organization"},"image":{"@id":"https:\/\/www.ellesaussi.org\/?p=1264#primaryimage"},"thumbnailUrl":"https:\/\/www.ellesaussi.org\/wp-content\/uploads\/2024\/10\/appel-du-18-juin-2024-Elles-aussi.jpg","articleSection":["Auditions"],"inLanguage":"fr-FR"},{"@type":"WebPage","@id":"https:\/\/www.ellesaussi.org\/?p=1264","url":"https:\/\/www.ellesaussi.org\/?p=1264","name":"D\u00e9l\u00e9gation aux droits des femmes : Mme Reine Lepinay et Mme Dani\u00e8le Bouchoule - Elles Aussi","isPartOf":{"@id":"https:\/\/www.ellesaussi.org\/#website"},"primaryImageOfPage":{"@id":"https:\/\/www.ellesaussi.org\/?p=1264#primaryimage"},"image":{"@id":"https:\/\/www.ellesaussi.org\/?p=1264#primaryimage"},"thumbnailUrl":"https:\/\/www.ellesaussi.org\/wp-content\/uploads\/2024\/10\/appel-du-18-juin-2024-Elles-aussi.jpg","datePublished":"2018-09-26T13:49:00+00:00","dateModified":"2024-10-17T13:51:03+00:00","breadcrumb":{"@id":"https:\/\/www.ellesaussi.org\/?p=1264#breadcrumb"},"inLanguage":"fr-FR","potentialAction":[{"@type":"ReadAction","target":["https:\/\/www.ellesaussi.org\/?p=1264"]}]},{"@type":"ImageObject","inLanguage":"fr-FR","@id":"https:\/\/www.ellesaussi.org\/?p=1264#primaryimage","url":"https:\/\/www.ellesaussi.org\/wp-content\/uploads\/2024\/10\/appel-du-18-juin-2024-Elles-aussi.jpg","contentUrl":"https:\/\/www.ellesaussi.org\/wp-content\/uploads\/2024\/10\/appel-du-18-juin-2024-Elles-aussi.jpg","width":200,"height":144},{"@type":"BreadcrumbList","@id":"https:\/\/www.ellesaussi.org\/?p=1264#breadcrumb","itemListElement":[{"@type":"ListItem","position":1,"name":"Accueil","item":"https:\/\/www.ellesaussi.org\/"},{"@type":"ListItem","position":2,"name":"D\u00e9l\u00e9gation aux droits des femmes : Mme Reine Lepinay et Mme Dani\u00e8le Bouchoule"}]},{"@type":"WebSite","@id":"https:\/\/www.ellesaussi.org\/#website","url":"https:\/\/www.ellesaussi.org\/","name":"Elles Aussi","description":"","publisher":{"@id":"https:\/\/www.ellesaussi.org\/#organization"},"potentialAction":[{"@type":"SearchAction","target":{"@type":"EntryPoint","urlTemplate":"https:\/\/www.ellesaussi.org\/?s={search_term_string}"},"query-input":"required name=search_term_string"}],"inLanguage":"fr-FR"},{"@type":"Organization","@id":"https:\/\/www.ellesaussi.org\/#organization","name":"Elles Aussi","url":"https:\/\/www.ellesaussi.org\/","logo":{"@type":"ImageObject","inLanguage":"fr-FR","@id":"https:\/\/www.ellesaussi.org\/#\/schema\/logo\/image\/","url":"https:\/\/www.ellesaussi.org\/wp-content\/uploads\/2024\/05\/Elles-aussi_logotype_rouge.png","contentUrl":"https:\/\/www.ellesaussi.org\/wp-content\/uploads\/2024\/05\/Elles-aussi_logotype_rouge.png","width":3472,"height":2480,"caption":"Elles Aussi"},"image":{"@id":"https:\/\/www.ellesaussi.org\/#\/schema\/logo\/image\/"},"sameAs":["https:\/\/www.facebook.com\/ellesaussi\/"]},{"@type":"Person","@id":"https:\/\/www.ellesaussi.org\/#\/schema\/person\/eeca4be50db30b5dbb39f78fc3364160","name":"admin","image":{"@type":"ImageObject","inLanguage":"fr-FR","@id":"https:\/\/www.ellesaussi.org\/#\/schema\/person\/image\/","url":"https:\/\/secure.gravatar.com\/avatar\/62da4937aa6d6b509192861c0b966204a1b742b2814f6387fa08fe6c98a8729c?s=96&d=mm&r=g","contentUrl":"https:\/\/secure.gravatar.com\/avatar\/62da4937aa6d6b509192861c0b966204a1b742b2814f6387fa08fe6c98a8729c?s=96&d=mm&r=g","caption":"admin"},"sameAs":["https:\/\/elles129186.webdb78.lwspanel.com"],"url":"https:\/\/www.ellesaussi.org\/?author=1"}]}},"_links":{"self":[{"href":"https:\/\/www.ellesaussi.org\/index.php?rest_route=\/wp\/v2\/posts\/1264","targetHints":{"allow":["GET"]}}],"collection":[{"href":"https:\/\/www.ellesaussi.org\/index.php?rest_route=\/wp\/v2\/posts"}],"about":[{"href":"https:\/\/www.ellesaussi.org\/index.php?rest_route=\/wp\/v2\/types\/post"}],"author":[{"embeddable":true,"href":"https:\/\/www.ellesaussi.org\/index.php?rest_route=\/wp\/v2\/users\/1"}],"replies":[{"embeddable":true,"href":"https:\/\/www.ellesaussi.org\/index.php?rest_route=%2Fwp%2Fv2%2Fcomments&post=1264"}],"version-history":[{"count":4,"href":"https:\/\/www.ellesaussi.org\/index.php?rest_route=\/wp\/v2\/posts\/1264\/revisions"}],"predecessor-version":[{"id":1268,"href":"https:\/\/www.ellesaussi.org\/index.php?rest_route=\/wp\/v2\/posts\/1264\/revisions\/1268"}],"wp:featuredmedia":[{"embeddable":true,"href":"https:\/\/www.ellesaussi.org\/index.php?rest_route=\/wp\/v2\/media\/683"}],"wp:attachment":[{"href":"https:\/\/www.ellesaussi.org\/index.php?rest_route=%2Fwp%2Fv2%2Fmedia&parent=1264"}],"wp:term":[{"taxonomy":"category","embeddable":true,"href":"https:\/\/www.ellesaussi.org\/index.php?rest_route=%2Fwp%2Fv2%2Fcategories&post=1264"},{"taxonomy":"post_tag","embeddable":true,"href":"https:\/\/www.ellesaussi.org\/index.php?rest_route=%2Fwp%2Fv2%2Ftags&post=1264"}],"curies":[{"name":"wp","href":"https:\/\/api.w.org\/{rel}","templated":true}]}}