{"id":1154,"date":"2019-10-19T14:54:00","date_gmt":"2019-10-19T12:54:00","guid":{"rendered":"https:\/\/elles129186.webdb78.lwspanel.com\/?p=1154"},"modified":"2024-10-17T14:57:49","modified_gmt":"2024-10-17T12:57:49","slug":"intervention-sur-la-parite-de-gaelle-berthevas","status":"publish","type":"post","link":"https:\/\/www.ellesaussi.org\/?p=1154","title":{"rendered":"Intervention sur la parit\u00e9 de Ga\u00eblle Berthevas"},"content":{"rendered":"\t\t<div data-elementor-type=\"wp-post\" data-elementor-id=\"1154\" class=\"elementor elementor-1154\" data-elementor-post-type=\"post\">\n\t\t\t\t<div class=\"elementor-element elementor-element-a9544c6 e-flex e-con-boxed e-con e-parent\" data-id=\"a9544c6\" data-element_type=\"container\">\n\t\t\t\t\t<div class=\"e-con-inner\">\n\t\t\t\t<div class=\"elementor-element elementor-element-e2ee4e2 elementor-widget elementor-widget-text-editor\" data-id=\"e2ee4e2\" data-element_type=\"widget\" data-widget_type=\"text-editor.default\">\n\t\t\t\t<div class=\"elementor-widget-container\">\n\t\t\t\t\t\t\t<p>19 Octobre 2019 :\u00a0Intervention sur la parit\u00e9 de Ga\u00eblle Berthevas, maire de Saint Abraham, au congr\u00e8s des Maires du Morbihan. \u00c0 noter tout particuli\u00e8rement les trois messages adress\u00e9s aux citoyennes d\u2019aujourd\u2019hui qui seront peut-\u00eatre maires demain, aux hommes \u00e9lus, aux enfants et petits-enfants des \u00e9lu\u2219e\u2219s<\/p><p>\u00a0<\/p><hr \/><p>\u00a0<\/p><p><strong>Les\u00a0 trois messages de Ga\u00eblle BERTHEVAS\u00a0<\/strong><br \/><em><strong>Maire de Saint Abraham &#8211; Morbihan<\/strong><\/em><\/p><p>\u00a0<\/p><p>Le premier, celui que je pr\u00e9f\u00e8re s\u2019adresse aux citoyennes d\u2019aujourd\u2019hui et qui seront peut-\u00eatre maires demain.<\/p><p>Je souhaite leur t\u00e9moigner de la richesse d\u2019un mandat d\u2019\u00e9lu.e\u00a0 local.e,\u00a0 quel qu\u2019il soit, conseill\u00e8re, adjointe, ou maire. Vous d\u00e9finirez votre \u00e9chelon en fonction du temps dont vous disposerez, de votre projet, en fonction de votre ambition car il faut \u00eatre honn\u00eate, s\u2019engager dans un mandat d\u2019\u00e9lu.e local.e demande du temps, le savoir en amont permet de s\u2019organiser, de prendre ses dispositions professionnelles et\/ou familiales et de\u00a0 ne pas subir le mandat. La question qui m\u2019est le plus couramment pos\u00e9e est de savoir comment on fait pour g\u00e9rer tous les temps sans n\u00e9gliger la vie de famille. Comment puis-je \u00eatre maire et m\u00e8re de trois enfants, alors il est vrai qu\u2019il faut faire preuve d\u2019une organisation hors pair. Cela n\u00e9cessite beaucoup d\u2019anticipation car quand il faut caler le rendezvous de l\u2019ortho-dentiste entre deux commissions, surveiller la montre lors des permanences municipales pour ne pas rater le rendez-vous de conduite accompagn\u00e9e ou encore ne pas caler de r\u00e9union le m\u00eame soir que les rencontres parents professeurs du coll\u00e8ge de la petite derni\u00e8re, je vous le confirme c\u2019est du sport ! Afin de pr\u00e9server la vie familiale il est indispensable d\u2019identifier des cr\u00e9neaux qui seront r\u00e9serv\u00e9s aux enfants : ces temps sont signal\u00e9s en rouge dans mon agenda. Quel que soit l\u2019\u00e2ge de vos enfants, il est n\u00e9cessaire de leur expliquer votre engagement, leur expliquer les raisons de votre absence, leur parler de vos r\u00e9alisations, de vos projets. Au fil des semaines, des mois, et des ann\u00e9es vous pourrez lire dans les yeux de vos enfants et ils seront vos principaux soutiens. D\u00e8s lors vous n\u2019aurez aucune culpabilit\u00e9 \u00e0 d\u00e9serter le domicile familial. D\u2019ailleurs, les choses vont s\u2019organiser tranquillement pendant votre absence et cela permet aussi souvent de r\u00e9\u00e9quilibrer les t\u00e2ches au sein du couple. Exercer un mandat local c\u2019est \u00e9galement s\u2019ouvrir \u00e0 de nouvelles rencontres d\u2019horizons compl\u00e8tement diff\u00e9rents. C\u2019est humainement tr\u00e8s riche. Vous allez aussi acqu\u00e9rir de nouvelles comp\u00e9tences qui seront peut-\u00eatre \u00e0 l\u2019oppos\u00e9 de celles que vous mobilisez dans le cadre professionnel. La question de la comp\u00e9tence est souvent \u00e9voqu\u00e9e par des femmes qui h\u00e9sitent \u00e0 se porter candidate : est-ce que je vais \u00eatre capable ? Bien s\u00fbr que serez capable. Vous le serez d\u2019autant plus que votre homologue masculin ! Et si des champs de comp\u00e9tence vous \u00e9chappent, la formation des \u00e9lus est l\u00e0 pour vous aider. Chaque collectivit\u00e9 a l\u2019obligation d\u2019inscrire des cr\u00e9dits \u00e0 des budgets d\u00e9di\u00e9s \u00e0 la\u00a0 formation des \u00e9lus. Vous avez \u00e9galement la possibilit\u00e9 de mobiliser votre DIF. Personnellement depuis que j\u2019ai \u00e9t\u00e9 \u00e9lue en 2008 j\u2019ai suivi de nombreuses formations. Ces nouvelles comp\u00e9tences acquises pourront \u00eatre mobilis\u00e9es et valoris\u00e9es dans votre parcours professionnel. C\u2019est tr\u00e8s enrichissant pour vous mais aussi pour l\u2019entreprise dans laquelle vous \u00e9voluez. A chaque citoyenne que je rencontre, qui h\u00e9site \u00e0 s\u2019engager, je lui explique ce qu\u2019est le r\u00f4le d\u2019\u00e9lu.e local.e. C\u2019est un travail quotidien au d\u00e9veloppement de sa commune quel que soit sa taille, l\u2019inscrire dans un projet de territoire qui d\u00e9passe les fronti\u00e8res communales et d\u00e9finir avec ses coll\u00e8gues \u00e9lus au sein de l\u2019intercommunalit\u00e9, la politique qui r\u00e9pondra au mieux aux attentes des administr\u00e9s et des entreprises. C\u2019est passionnant, c\u2019est nourrissant m\u00eame si le parcours est sem\u00e9 d\u2019embuches, il vaut vraiment la peine d\u2019\u00eatre v\u00e9cu. Vous en sortirez grandie, renforc\u00e9e, c\u2019est le message que nous devons tous porter aupr\u00e8s des citoyennes afin de les encourager \u00e0 accepter les sollicitations pour faire partie d\u2019une \u00e9quipe municipale \u00e0 l\u2019approche des \u00e9lections de 2020 ou les encourager \u00e0 \u00eatre t\u00eates de liste ou les conduire dans un premier temps \u00e0 prendre des responsabilit\u00e9s dans les ex\u00e9cutifs. Elles y si\u00e8geront en toute l\u00e9gitimit\u00e9.<\/p><p><strong>Le deuxi\u00e8me message s\u2019adresse aux hommes \u00e9lus<\/strong><\/p><p>Le second message,\u00a0 le plus difficile vu le nombre des r\u00e9actions dans la salle, s&rsquo;adresse \u00e0 vous les hommes \u00e9lus. En effet vous avez votre part d&rsquo;engagement \u00e0 prendre dans ce combat. Peut-\u00eatre que la cause ne vous parle pas autant, vous semble peut \u00eatre d\u00e9nu\u00e9 d&rsquo;int\u00e9r\u00eat.\u00a0 Je ne peux pas le croire et je sais que parmi vous bon nombre d&rsquo;\u00e9lus n&rsquo;ont pas attendu les obligations de parit\u00e9 pour int\u00e9grer des femmes dans les conseils municipaux.\u00a0 Je sais aussi que bon nombre d&rsquo;entre vous n&rsquo;h\u00e9site pas \u00e0 d\u00e9l\u00e9guer et \u00e0 confier des responsabilit\u00e9s aux femmes et je m&rsquo;en r\u00e9jouis.\u00a0 Mais alors comment pouvons-nous expliquer le fait que 84% des maires soient des hommes que 79% des premiers adjoints en France soit des hommes, comment expliquer que 92% et pr\u00e9sidents, d&rsquo;intercommunalit\u00e9s soit des hommes et que 80% des vice-pr\u00e9sidents soient des hommes ? Quelle est donc la place r\u00e9ellement accord\u00e9e aux femmes et pourtant je l&rsquo;affirme haut et fort le pouvoir n&rsquo;est pas qu&rsquo;une question d&rsquo;hommes. Ne soyez pas hostile au partage de l&rsquo;exercice du pouvoir, vous pouvez agir \u00e0 votre niveau pour faire bouger les lignes ; parmi vous certains ne se repr\u00e9senteront pas en mars prochain. Vous avez certainement pr\u00e9par\u00e9 la suite, vous avez d\u00fb identifier au sein de votre \u00e9quipe actuelle la personne qui pourrait reprendre le flambeau. Il s&rsquo;agit peut-\u00eatre d&rsquo;une femme, rien de tel qu&rsquo;un passage de t\u00e9moin, c&rsquo;est exactement ce dont j&rsquo;ai pu b\u00e9n\u00e9ficier en 2014 avec le maire sortant qui est l\u00e0 aujourd&rsquo;hui et c&rsquo;est un v\u00e9ritable cadeau que je vous encourage \u00e0 offrir ; tout le monde en sort gagnant, ceux qui sont en cours de pr\u00e9paration d&rsquo;une nouvelle \u00e9quipe lorsque vous allez solliciter des femmes pour vous accompagner, interdisez-vous de leur dire que soumis \u00e0 des obligations de parit\u00e9 et que donc vous avez besoin d&rsquo;elles ; C&rsquo;est la meilleure fa\u00e7on d&rsquo;essuyer un refus et quand bien m\u00eame elles accepteront elles ne se sentiront jamais l\u00e9gitimes dans leurs r\u00f4les au d\u00e9but car elles auront toujours le sentiment d&rsquo;\u00eatre l\u00e0 uniquement parce que vous aviez de besoin de femmes pour boucler votre liste. Par la suite au sein de vos conseils, accorder autant d&rsquo;attention \u00e0 la parole des femmes qu&rsquo;\u00e0 celle des hommes, soyez \u00e0 l&rsquo;\u00e9coute de leurs souhaits quant aux d\u00e9l\u00e9gations. Ne les cantonner pas dans des r\u00f4les secondaires, de secr\u00e9taire de s\u00e9ance notamment ; et une d\u00e9l\u00e9gation elle ne se confie pas uniquement sur le papier, elle s&rsquo;accompagne, et j&rsquo;insiste, de votre confiance et d&rsquo;une certaine libert\u00e9 d&rsquo;action. Pourquoi attendre que le l\u00e9gislateur impose aux communaut\u00e9s de communes d&rsquo;avoir des ex\u00e9cutifs paritaires ? Prenez les devants, soyez novateurs, pr\u00e9curseurs,\u00a0 alors oui, comme statistiquement les maires sont plut\u00f4t des hommes et que beaucoup de communes n\u2019ont qu&rsquo;un seul repr\u00e9sentant \u00e0 l&rsquo;intercommunalit\u00e9, il va falloir \u00eatre inventifs. Jusqu&rsquo;ici il n&rsquo;est \u00e9crit nulle part que le maire est l&rsquo;\u00e9lu qui repr\u00e9sentera la commune. Je souhaite vivement que la loi \u00ab engagement et proximit\u00e9 \u00bb ne nous fera pas faux bond sur ce point et qu&rsquo;elle laissera toute libert\u00e9 \u00e0 la commune de choisir son repr\u00e9sentant sinon nous n&rsquo;y arriverons jamais. Je me permets, Madame la Ministre, de vous interpeller directement sur ce point puisque l&rsquo;article 2 du projet de loi \u00ab engagement et\u00a0 Proximit\u00e9 \u00bb rend automatique la pr\u00e9sence du maire au conseil communautaire. Or si un maire souhaite confier la repr\u00e9sentation de sa commune au conseil communautaire \u00e0 son adjoint, dans un monde id\u00e9al \u00e0 son adjointe, laissons le faire. Ne nous privons pas de cela, c&rsquo;est une chance, certes minime, de pouvoir augmenter le pourcentage de femmes au sein du conseil communautaire. Vous l&rsquo;aurez donc compris, messieurs, pour atteindre cet objectif d&rsquo;\u00e9galit\u00e9 nous avons besoin de vous tous.<\/p><p><strong>\u00a0Le troisi\u00e8me et dernier message que nous adressons \u00e0 nos enfants et petits-enfants,\u00a0<\/strong><\/p><p>Bien que tr\u00e8s \u00e9loign\u00e9s de la politique nationale, mes trois enfants ont entendu que le Pr\u00e9sident de la R\u00e9publique a fait de l&rsquo;\u00e9galit\u00e9 femmes-hommes la grande cause de son quinquennat. Sans rentrer dans les consid\u00e9rations politiques quant aux moyens attribu\u00e9s \u00e0 cette grande cause, mes enfants ont retenu que le gouvernement dans toutes sces politiques transversales doit mettre en avant cette notion d&rsquo;\u00e9galit\u00e9 femmes-hommes. Mes trois enfants donc bien re\u00e7u ce message, mais quotidiennement ils voient leur maman \u00e9voluer dans un monde d\u2019hommes. Nous sommes toutes et tous des \u00e9lus locaux. Nous sommes au contact permanent de la population. Si nous souhaitons que cette \u00e9galit\u00e9 sociale et professionnelle existe, alors c&rsquo;est \u00e0 nous \u00e9lus de la R\u00e9publique d&rsquo;incarner cette \u00e9galit\u00e9. Je formule le v\u0153u ici ce matin que nos enfants ou petits-enfants s&rsquo;engageront demain dans la vie politique sans se poser la question de leur l\u00e9gitimit\u00e9 selon qu&rsquo;il soit un homme ou une femme et qu&rsquo;il sera tout aussi naturel qu&rsquo;une femme puisse \u00eatre\u00a0 maire de leur commune. C\u2019est ensemble que nous y arriverons.<\/p><p>\u00a0je vous remercie pour votre attention<\/p>\t\t\t\t\t\t<\/div>\n\t\t\t\t<\/div>\n\t\t\t\t<div class=\"elementor-element elementor-element-a2be387 elementor-widget elementor-widget-button\" data-id=\"a2be387\" data-element_type=\"widget\" data-widget_type=\"button.default\">\n\t\t\t\t<div class=\"elementor-widget-container\">\n\t\t\t\t\t<div class=\"elementor-button-wrapper\">\n\t\t\t<a class=\"elementor-button elementor-button-link elementor-size-sm\" href=\"https:\/\/www.lesinfosdupaysgallo.com\/2019\/10\/19\/morbihan-congres-des-maires-lintervention-du-maire-de-st-abraham\/\" target=\"_blank\">\n\t\t\t\t\t\t<span class=\"elementor-button-content-wrapper\">\n\t\t\t\t\t\t\t\t\t<span class=\"elementor-button-text\">Visionner l\u2019intervention  apr\u00e8s la 45\u00e8me minute<\/span>\n\t\t\t\t\t<\/span>\n\t\t\t\t\t<\/a>\n\t\t<\/div>\n\t\t\t\t<\/div>\n\t\t\t\t<\/div>\n\t\t\t\t\t<\/div>\n\t\t\t\t<\/div>\n\t\t\t\t<\/div>\n\t\t","protected":false},"excerpt":{"rendered":"<p>19 Octobre 2019 :\u00a0Intervention sur la parit\u00e9 de Ga\u00eblle Berthevas, maire de Saint Abraham, au congr\u00e8s des Maires du Morbihan. \u00c0 noter tout particuli\u00e8rement les trois messages adress\u00e9s aux citoyennes d\u2019aujourd\u2019hui qui seront peut-\u00eatre maires demain, aux hommes \u00e9lus, aux enfants et petits-enfants des \u00e9lu\u2219e\u2219s \u00a0 \u00a0 Les\u00a0 trois messages de Ga\u00eblle BERTHEVAS\u00a0Maire de Saint [&hellip;]<\/p>\n","protected":false},"author":1,"featured_media":1155,"comment_status":"closed","ping_status":"closed","sticky":false,"template":"","format":"standard","meta":{"footnotes":""},"categories":[36],"tags":[],"class_list":["post-1154","post","type-post","status-publish","format-standard","has-post-thumbnail","hentry","category-elections-municipales-et-communautaires-de-2020"],"yoast_head":"<!-- This site is optimized with the Yoast SEO plugin v22.8 - https:\/\/yoast.com\/wordpress\/plugins\/seo\/ -->\n<title>Intervention sur la parit\u00e9 de Ga\u00eblle Berthevas - Elles Aussi<\/title>\n<meta name=\"robots\" content=\"index, follow, max-snippet:-1, max-image-preview:large, max-video-preview:-1\" \/>\n<link rel=\"canonical\" href=\"https:\/\/www.ellesaussi.org\/?p=1154\" \/>\n<meta property=\"og:locale\" content=\"fr_FR\" \/>\n<meta property=\"og:type\" content=\"article\" \/>\n<meta property=\"og:title\" content=\"Intervention sur la parit\u00e9 de Ga\u00eblle Berthevas - Elles Aussi\" \/>\n<meta property=\"og:description\" content=\"19 Octobre 2019 :\u00a0Intervention sur la parit\u00e9 de Ga\u00eblle Berthevas, maire de Saint Abraham, au congr\u00e8s des Maires du Morbihan. \u00c0 noter tout particuli\u00e8rement les trois messages adress\u00e9s aux citoyennes d\u2019aujourd\u2019hui qui seront peut-\u00eatre maires demain, aux hommes \u00e9lus, aux enfants et petits-enfants des \u00e9lu\u2219e\u2219s \u00a0 \u00a0 Les\u00a0 trois messages de Ga\u00eblle BERTHEVAS\u00a0Maire de Saint [&hellip;]\" \/>\n<meta property=\"og:url\" content=\"https:\/\/www.ellesaussi.org\/?p=1154\" \/>\n<meta property=\"og:site_name\" content=\"Elles Aussi\" \/>\n<meta property=\"article:publisher\" content=\"https:\/\/www.facebook.com\/ellesaussi\/\" \/>\n<meta property=\"article:published_time\" content=\"2019-10-19T12:54:00+00:00\" \/>\n<meta property=\"article:modified_time\" content=\"2024-10-17T12:57:49+00:00\" \/>\n<meta property=\"og:image\" content=\"https:\/\/www.ellesaussi.org\/wp-content\/uploads\/2024\/10\/photogaelleBerthevas.jpg\" \/>\n\t<meta property=\"og:image:width\" content=\"225\" \/>\n\t<meta property=\"og:image:height\" content=\"225\" \/>\n\t<meta property=\"og:image:type\" content=\"image\/jpeg\" \/>\n<meta name=\"author\" content=\"admin\" \/>\n<meta name=\"twitter:card\" content=\"summary_large_image\" \/>\n<meta name=\"twitter:label1\" content=\"\u00c9crit par\" \/>\n\t<meta name=\"twitter:data1\" content=\"admin\" \/>\n\t<meta name=\"twitter:label2\" content=\"Dur\u00e9e de lecture estim\u00e9e\" \/>\n\t<meta name=\"twitter:data2\" content=\"8 minutes\" \/>\n<script type=\"application\/ld+json\" class=\"yoast-schema-graph\">{\"@context\":\"https:\/\/schema.org\",\"@graph\":[{\"@type\":\"Article\",\"@id\":\"https:\/\/www.ellesaussi.org\/?p=1154#article\",\"isPartOf\":{\"@id\":\"https:\/\/www.ellesaussi.org\/?p=1154\"},\"author\":{\"name\":\"admin\",\"@id\":\"https:\/\/www.ellesaussi.org\/#\/schema\/person\/eeca4be50db30b5dbb39f78fc3364160\"},\"headline\":\"Intervention sur la parit\u00e9 de Ga\u00eblle Berthevas\",\"datePublished\":\"2019-10-19T12:54:00+00:00\",\"dateModified\":\"2024-10-17T12:57:49+00:00\",\"mainEntityOfPage\":{\"@id\":\"https:\/\/www.ellesaussi.org\/?p=1154\"},\"wordCount\":1697,\"publisher\":{\"@id\":\"https:\/\/www.ellesaussi.org\/#organization\"},\"image\":{\"@id\":\"https:\/\/www.ellesaussi.org\/?p=1154#primaryimage\"},\"thumbnailUrl\":\"https:\/\/www.ellesaussi.org\/wp-content\/uploads\/2024\/10\/photogaelleBerthevas.jpg\",\"articleSection\":[\"Elections municipales et communautaires de 2020\"],\"inLanguage\":\"fr-FR\"},{\"@type\":\"WebPage\",\"@id\":\"https:\/\/www.ellesaussi.org\/?p=1154\",\"url\":\"https:\/\/www.ellesaussi.org\/?p=1154\",\"name\":\"Intervention sur la parit\u00e9 de Ga\u00eblle Berthevas - Elles Aussi\",\"isPartOf\":{\"@id\":\"https:\/\/www.ellesaussi.org\/#website\"},\"primaryImageOfPage\":{\"@id\":\"https:\/\/www.ellesaussi.org\/?p=1154#primaryimage\"},\"image\":{\"@id\":\"https:\/\/www.ellesaussi.org\/?p=1154#primaryimage\"},\"thumbnailUrl\":\"https:\/\/www.ellesaussi.org\/wp-content\/uploads\/2024\/10\/photogaelleBerthevas.jpg\",\"datePublished\":\"2019-10-19T12:54:00+00:00\",\"dateModified\":\"2024-10-17T12:57:49+00:00\",\"breadcrumb\":{\"@id\":\"https:\/\/www.ellesaussi.org\/?p=1154#breadcrumb\"},\"inLanguage\":\"fr-FR\",\"potentialAction\":[{\"@type\":\"ReadAction\",\"target\":[\"https:\/\/www.ellesaussi.org\/?p=1154\"]}]},{\"@type\":\"ImageObject\",\"inLanguage\":\"fr-FR\",\"@id\":\"https:\/\/www.ellesaussi.org\/?p=1154#primaryimage\",\"url\":\"https:\/\/www.ellesaussi.org\/wp-content\/uploads\/2024\/10\/photogaelleBerthevas.jpg\",\"contentUrl\":\"https:\/\/www.ellesaussi.org\/wp-content\/uploads\/2024\/10\/photogaelleBerthevas.jpg\",\"width\":225,\"height\":225},{\"@type\":\"BreadcrumbList\",\"@id\":\"https:\/\/www.ellesaussi.org\/?p=1154#breadcrumb\",\"itemListElement\":[{\"@type\":\"ListItem\",\"position\":1,\"name\":\"Accueil\",\"item\":\"https:\/\/www.ellesaussi.org\/\"},{\"@type\":\"ListItem\",\"position\":2,\"name\":\"Intervention sur la parit\u00e9 de Ga\u00eblle Berthevas\"}]},{\"@type\":\"WebSite\",\"@id\":\"https:\/\/www.ellesaussi.org\/#website\",\"url\":\"https:\/\/www.ellesaussi.org\/\",\"name\":\"Elles Aussi\",\"description\":\"\",\"publisher\":{\"@id\":\"https:\/\/www.ellesaussi.org\/#organization\"},\"potentialAction\":[{\"@type\":\"SearchAction\",\"target\":{\"@type\":\"EntryPoint\",\"urlTemplate\":\"https:\/\/www.ellesaussi.org\/?s={search_term_string}\"},\"query-input\":\"required name=search_term_string\"}],\"inLanguage\":\"fr-FR\"},{\"@type\":\"Organization\",\"@id\":\"https:\/\/www.ellesaussi.org\/#organization\",\"name\":\"Elles Aussi\",\"url\":\"https:\/\/www.ellesaussi.org\/\",\"logo\":{\"@type\":\"ImageObject\",\"inLanguage\":\"fr-FR\",\"@id\":\"https:\/\/www.ellesaussi.org\/#\/schema\/logo\/image\/\",\"url\":\"https:\/\/www.ellesaussi.org\/wp-content\/uploads\/2024\/05\/Elles-aussi_logotype_rouge.png\",\"contentUrl\":\"https:\/\/www.ellesaussi.org\/wp-content\/uploads\/2024\/05\/Elles-aussi_logotype_rouge.png\",\"width\":3472,\"height\":2480,\"caption\":\"Elles Aussi\"},\"image\":{\"@id\":\"https:\/\/www.ellesaussi.org\/#\/schema\/logo\/image\/\"},\"sameAs\":[\"https:\/\/www.facebook.com\/ellesaussi\/\"]},{\"@type\":\"Person\",\"@id\":\"https:\/\/www.ellesaussi.org\/#\/schema\/person\/eeca4be50db30b5dbb39f78fc3364160\",\"name\":\"admin\",\"image\":{\"@type\":\"ImageObject\",\"inLanguage\":\"fr-FR\",\"@id\":\"https:\/\/www.ellesaussi.org\/#\/schema\/person\/image\/\",\"url\":\"https:\/\/secure.gravatar.com\/avatar\/62da4937aa6d6b509192861c0b966204a1b742b2814f6387fa08fe6c98a8729c?s=96&d=mm&r=g\",\"contentUrl\":\"https:\/\/secure.gravatar.com\/avatar\/62da4937aa6d6b509192861c0b966204a1b742b2814f6387fa08fe6c98a8729c?s=96&d=mm&r=g\",\"caption\":\"admin\"},\"sameAs\":[\"https:\/\/elles129186.webdb78.lwspanel.com\"],\"url\":\"https:\/\/www.ellesaussi.org\/?author=1\"}]}<\/script>\n<!-- \/ Yoast SEO plugin. -->","yoast_head_json":{"title":"Intervention sur la parit\u00e9 de Ga\u00eblle Berthevas - Elles Aussi","robots":{"index":"index","follow":"follow","max-snippet":"max-snippet:-1","max-image-preview":"max-image-preview:large","max-video-preview":"max-video-preview:-1"},"canonical":"https:\/\/www.ellesaussi.org\/?p=1154","og_locale":"fr_FR","og_type":"article","og_title":"Intervention sur la parit\u00e9 de Ga\u00eblle Berthevas - Elles Aussi","og_description":"19 Octobre 2019 :\u00a0Intervention sur la parit\u00e9 de Ga\u00eblle Berthevas, maire de Saint Abraham, au congr\u00e8s des Maires du Morbihan. \u00c0 noter tout particuli\u00e8rement les trois messages adress\u00e9s aux citoyennes d\u2019aujourd\u2019hui qui seront peut-\u00eatre maires demain, aux hommes \u00e9lus, aux enfants et petits-enfants des \u00e9lu\u2219e\u2219s \u00a0 \u00a0 Les\u00a0 trois messages de Ga\u00eblle BERTHEVAS\u00a0Maire de Saint [&hellip;]","og_url":"https:\/\/www.ellesaussi.org\/?p=1154","og_site_name":"Elles Aussi","article_publisher":"https:\/\/www.facebook.com\/ellesaussi\/","article_published_time":"2019-10-19T12:54:00+00:00","article_modified_time":"2024-10-17T12:57:49+00:00","og_image":[{"width":225,"height":225,"url":"https:\/\/www.ellesaussi.org\/wp-content\/uploads\/2024\/10\/photogaelleBerthevas.jpg","type":"image\/jpeg"}],"author":"admin","twitter_card":"summary_large_image","twitter_misc":{"\u00c9crit par":"admin","Dur\u00e9e de lecture estim\u00e9e":"8 minutes"},"schema":{"@context":"https:\/\/schema.org","@graph":[{"@type":"Article","@id":"https:\/\/www.ellesaussi.org\/?p=1154#article","isPartOf":{"@id":"https:\/\/www.ellesaussi.org\/?p=1154"},"author":{"name":"admin","@id":"https:\/\/www.ellesaussi.org\/#\/schema\/person\/eeca4be50db30b5dbb39f78fc3364160"},"headline":"Intervention sur la parit\u00e9 de Ga\u00eblle Berthevas","datePublished":"2019-10-19T12:54:00+00:00","dateModified":"2024-10-17T12:57:49+00:00","mainEntityOfPage":{"@id":"https:\/\/www.ellesaussi.org\/?p=1154"},"wordCount":1697,"publisher":{"@id":"https:\/\/www.ellesaussi.org\/#organization"},"image":{"@id":"https:\/\/www.ellesaussi.org\/?p=1154#primaryimage"},"thumbnailUrl":"https:\/\/www.ellesaussi.org\/wp-content\/uploads\/2024\/10\/photogaelleBerthevas.jpg","articleSection":["Elections municipales et communautaires de 2020"],"inLanguage":"fr-FR"},{"@type":"WebPage","@id":"https:\/\/www.ellesaussi.org\/?p=1154","url":"https:\/\/www.ellesaussi.org\/?p=1154","name":"Intervention sur la parit\u00e9 de Ga\u00eblle Berthevas - Elles Aussi","isPartOf":{"@id":"https:\/\/www.ellesaussi.org\/#website"},"primaryImageOfPage":{"@id":"https:\/\/www.ellesaussi.org\/?p=1154#primaryimage"},"image":{"@id":"https:\/\/www.ellesaussi.org\/?p=1154#primaryimage"},"thumbnailUrl":"https:\/\/www.ellesaussi.org\/wp-content\/uploads\/2024\/10\/photogaelleBerthevas.jpg","datePublished":"2019-10-19T12:54:00+00:00","dateModified":"2024-10-17T12:57:49+00:00","breadcrumb":{"@id":"https:\/\/www.ellesaussi.org\/?p=1154#breadcrumb"},"inLanguage":"fr-FR","potentialAction":[{"@type":"ReadAction","target":["https:\/\/www.ellesaussi.org\/?p=1154"]}]},{"@type":"ImageObject","inLanguage":"fr-FR","@id":"https:\/\/www.ellesaussi.org\/?p=1154#primaryimage","url":"https:\/\/www.ellesaussi.org\/wp-content\/uploads\/2024\/10\/photogaelleBerthevas.jpg","contentUrl":"https:\/\/www.ellesaussi.org\/wp-content\/uploads\/2024\/10\/photogaelleBerthevas.jpg","width":225,"height":225},{"@type":"BreadcrumbList","@id":"https:\/\/www.ellesaussi.org\/?p=1154#breadcrumb","itemListElement":[{"@type":"ListItem","position":1,"name":"Accueil","item":"https:\/\/www.ellesaussi.org\/"},{"@type":"ListItem","position":2,"name":"Intervention sur la parit\u00e9 de Ga\u00eblle Berthevas"}]},{"@type":"WebSite","@id":"https:\/\/www.ellesaussi.org\/#website","url":"https:\/\/www.ellesaussi.org\/","name":"Elles Aussi","description":"","publisher":{"@id":"https:\/\/www.ellesaussi.org\/#organization"},"potentialAction":[{"@type":"SearchAction","target":{"@type":"EntryPoint","urlTemplate":"https:\/\/www.ellesaussi.org\/?s={search_term_string}"},"query-input":"required name=search_term_string"}],"inLanguage":"fr-FR"},{"@type":"Organization","@id":"https:\/\/www.ellesaussi.org\/#organization","name":"Elles Aussi","url":"https:\/\/www.ellesaussi.org\/","logo":{"@type":"ImageObject","inLanguage":"fr-FR","@id":"https:\/\/www.ellesaussi.org\/#\/schema\/logo\/image\/","url":"https:\/\/www.ellesaussi.org\/wp-content\/uploads\/2024\/05\/Elles-aussi_logotype_rouge.png","contentUrl":"https:\/\/www.ellesaussi.org\/wp-content\/uploads\/2024\/05\/Elles-aussi_logotype_rouge.png","width":3472,"height":2480,"caption":"Elles Aussi"},"image":{"@id":"https:\/\/www.ellesaussi.org\/#\/schema\/logo\/image\/"},"sameAs":["https:\/\/www.facebook.com\/ellesaussi\/"]},{"@type":"Person","@id":"https:\/\/www.ellesaussi.org\/#\/schema\/person\/eeca4be50db30b5dbb39f78fc3364160","name":"admin","image":{"@type":"ImageObject","inLanguage":"fr-FR","@id":"https:\/\/www.ellesaussi.org\/#\/schema\/person\/image\/","url":"https:\/\/secure.gravatar.com\/avatar\/62da4937aa6d6b509192861c0b966204a1b742b2814f6387fa08fe6c98a8729c?s=96&d=mm&r=g","contentUrl":"https:\/\/secure.gravatar.com\/avatar\/62da4937aa6d6b509192861c0b966204a1b742b2814f6387fa08fe6c98a8729c?s=96&d=mm&r=g","caption":"admin"},"sameAs":["https:\/\/elles129186.webdb78.lwspanel.com"],"url":"https:\/\/www.ellesaussi.org\/?author=1"}]}},"_links":{"self":[{"href":"https:\/\/www.ellesaussi.org\/index.php?rest_route=\/wp\/v2\/posts\/1154","targetHints":{"allow":["GET"]}}],"collection":[{"href":"https:\/\/www.ellesaussi.org\/index.php?rest_route=\/wp\/v2\/posts"}],"about":[{"href":"https:\/\/www.ellesaussi.org\/index.php?rest_route=\/wp\/v2\/types\/post"}],"author":[{"embeddable":true,"href":"https:\/\/www.ellesaussi.org\/index.php?rest_route=\/wp\/v2\/users\/1"}],"replies":[{"embeddable":true,"href":"https:\/\/www.ellesaussi.org\/index.php?rest_route=%2Fwp%2Fv2%2Fcomments&post=1154"}],"version-history":[{"count":7,"href":"https:\/\/www.ellesaussi.org\/index.php?rest_route=\/wp\/v2\/posts\/1154\/revisions"}],"predecessor-version":[{"id":1162,"href":"https:\/\/www.ellesaussi.org\/index.php?rest_route=\/wp\/v2\/posts\/1154\/revisions\/1162"}],"wp:featuredmedia":[{"embeddable":true,"href":"https:\/\/www.ellesaussi.org\/index.php?rest_route=\/wp\/v2\/media\/1155"}],"wp:attachment":[{"href":"https:\/\/www.ellesaussi.org\/index.php?rest_route=%2Fwp%2Fv2%2Fmedia&parent=1154"}],"wp:term":[{"taxonomy":"category","embeddable":true,"href":"https:\/\/www.ellesaussi.org\/index.php?rest_route=%2Fwp%2Fv2%2Fcategories&post=1154"},{"taxonomy":"post_tag","embeddable":true,"href":"https:\/\/www.ellesaussi.org\/index.php?rest_route=%2Fwp%2Fv2%2Ftags&post=1154"}],"curies":[{"name":"wp","href":"https:\/\/api.w.org\/{rel}","templated":true}]}}